{"id":6972,"date":"2024-03-06T22:05:36","date_gmt":"2024-03-06T21:05:36","guid":{"rendered":"https:\/\/agora.xtec.cat\/esc-jmaragall-sabadell\/?p=6972"},"modified":"2024-03-06T22:05:36","modified_gmt":"2024-03-06T21:05:36","slug":"ambients-de-ciencia-i-natura-a-infantil","status":"publish","type":"post","link":"https:\/\/agora.xtec.cat\/esc-jmaragall-sabadell\/infantil\/ambients-de-ciencia-i-natura-a-infantil\/","title":{"rendered":"Ambients de ci\u00e8ncia i natura a infantil."},"content":{"rendered":"<p>Els infants d&#8217;educaci\u00f3 infantil realitzen a l&#8217;ambient de ci\u00e8ncies i natura moltes activitats, aqu\u00ed teniu una mostra de com treballem.<\/p>\n<div style=\"width: 848px;\" class=\"wp-video\"><!--[if lt IE 9]><script>document.createElement('video');<\/script><![endif]-->\n<video class=\"wp-video-shortcode\" id=\"video-6972-1\" width=\"848\" height=\"476\" preload=\"metadata\" controls=\"controls\"><source type=\"video\/mp4\" src=\"https:\/\/agora.xtec.cat\/esc-jmaragall-sabadell\/wp-content\/uploads\/usu1082\/2024\/03\/VID-20240305-WA0003-Compressed-with-FlexClip.mp4?_=1\" \/><a href=\"https:\/\/agora.xtec.cat\/esc-jmaragall-sabadell\/wp-content\/uploads\/usu1082\/2024\/03\/VID-20240305-WA0003-Compressed-with-FlexClip.mp4\">https:\/\/agora.xtec.cat\/esc-jmaragall-sabadell\/wp-content\/uploads\/usu1082\/2024\/03\/VID-20240305-WA0003-Compressed-with-FlexClip.mp4<\/a><\/video><\/div>\n","protected":false},"excerpt":{"rendered":"<p>Els infants d&#8217;educaci\u00f3 infantil realitzen a l&#8217;ambient de ci\u00e8ncies i natura moltes activitats, aqu\u00ed teniu una mostra de com treballem.<br \/>\n<a href=\"https:\/\/agora.xtec.cat\/esc-jmaragall-sabadell\/wp-content\/uploads\/usu1082\/2024\/03\/VID-20240305-WA0003-Compressed-with-FlexClip.mp4\">https:\/\/agora.xtec.cat\/esc-jmaragall-sabadell\/wp-content\/uploads\/usu1082\/2024\/03\/VID-20240305-WA0003-Compressed-with-FlexClip.mp4<\/a><\/p>\n","protected":false},"author":25,"featured_media":0,"comment_status":"open","ping_status":"closed","sticky":false,"template":"","format":"standard","meta":{"_bbp_topic_count":0,"_bbp_reply_count":0,"_bbp_total_topic_count":0,"_bbp_total_reply_count":0,"_bbp_voice_count":0,"_bbp_anonymous_reply_count":0,"_bbp_topic_count_hidden":0,"_bbp_reply_count_hidden":0,"_bbp_forum_subforum_count":0,"footnotes":""},"categories":[305,306,265,258,2,4],"tags":[],"class_list":["post-6972","post","type-post","status-publish","format-standard","hentry","category-2332a","category-2332-b","category-265","category-258","category-infantil","category-portada"],"post_mailing_queue_ids":[],"_links":{"self":[{"href":"https:\/\/agora.xtec.cat\/esc-jmaragall-sabadell\/wp-json\/wp\/v2\/posts\/6972","targetHints":{"allow":["GET"]}}],"collection":[{"href":"https:\/\/agora.xtec.cat\/esc-jmaragall-sabadell\/wp-json\/wp\/v2\/posts"}],"about":[{"href":"https:\/\/agora.xtec.cat\/esc-jmaragall-sabadell\/wp-json\/wp\/v2\/types\/post"}],"author":[{"embeddable":true,"href":"https:\/\/agora.xtec.cat\/esc-jmaragall-sabadell\/wp-json\/wp\/v2\/users\/25"}],"replies":[{"embeddable":true,"href":"https:\/\/agora.xtec.cat\/esc-jmaragall-sabadell\/wp-json\/wp\/v2\/comments?post=6972"}],"version-history":[{"count":1,"href":"https:\/\/agora.xtec.cat\/esc-jmaragall-sabadell\/wp-json\/wp\/v2\/posts\/6972\/revisions"}],"predecessor-version":[{"id":6974,"href":"https:\/\/agora.xtec.cat\/esc-jmaragall-sabadell\/wp-json\/wp\/v2\/posts\/6972\/revisions\/6974"}],"wp:attachment":[{"href":"https:\/\/agora.xtec.cat\/esc-jmaragall-sabadell\/wp-json\/wp\/v2\/media?parent=6972"}],"wp:term":[{"taxonomy":"category","embeddable":true,"href":"https:\/\/agora.xtec.cat\/esc-jmaragall-sabadell\/wp-json\/wp\/v2\/categories?post=6972"},{"taxonomy":"post_tag","embeddable":true,"href":"https:\/\/agora.xtec.cat\/esc-jmaragall-sabadell\/wp-json\/wp\/v2\/tags?post=6972"}],"curies":[{"name":"wp","href":"https:\/\/api.w.org\/{rel}","templated":true}]}}