{"id":6925,"date":"2024-02-26T21:31:33","date_gmt":"2024-02-26T20:31:33","guid":{"rendered":"https:\/\/agora.xtec.cat\/esc-jmaragall-sabadell\/?p=6925"},"modified":"2024-04-03T13:25:18","modified_gmt":"2024-04-03T11:25:18","slug":"reptes-matematics","status":"publish","type":"post","link":"https:\/\/agora.xtec.cat\/esc-jmaragall-sabadell\/general\/reptes-matematics\/","title":{"rendered":"Reptes matem\u00e0tics"},"content":{"rendered":"<p>A 6\u00e8 continuem treballant les matem\u00e0tiques amb <strong>grups cooperatius<\/strong> i <strong>reptes<\/strong> per fomentar la motivaci\u00f3 i inter\u00e8s en el nostre alumnat. D&#8217;aquesta manera fomentem l&#8217;adquisici\u00f3 d&#8217;actituds, habilitats i capacitats en els nens i nenes m\u00e9s grans de l&#8217;escola.<\/p>\n<p><a href=\"https:\/\/agora.xtec.cat\/esc-jmaragall-sabadell\/wp-content\/uploads\/usu1082\/2024\/02\/WhatsApp-Image-2024-02-26-at-21.25.37.jpeg\"><img loading=\"lazy\" decoding=\"async\" class=\"alignnone wp-image-6926\" src=\"https:\/\/agora.xtec.cat\/esc-jmaragall-sabadell\/wp-content\/uploads\/usu1082\/2024\/02\/WhatsApp-Image-2024-02-26-at-21.25.37-766x1024.jpeg\" alt=\"\" width=\"237\" height=\"317\" srcset=\"https:\/\/agora.xtec.cat\/esc-jmaragall-sabadell\/wp-content\/uploads\/usu1082\/2024\/02\/WhatsApp-Image-2024-02-26-at-21.25.37-766x1024.jpeg 766w, https:\/\/agora.xtec.cat\/esc-jmaragall-sabadell\/wp-content\/uploads\/usu1082\/2024\/02\/WhatsApp-Image-2024-02-26-at-21.25.37-224x300.jpeg 224w, https:\/\/agora.xtec.cat\/esc-jmaragall-sabadell\/wp-content\/uploads\/usu1082\/2024\/02\/WhatsApp-Image-2024-02-26-at-21.25.37-768x1027.jpeg 768w, https:\/\/agora.xtec.cat\/esc-jmaragall-sabadell\/wp-content\/uploads\/usu1082\/2024\/02\/WhatsApp-Image-2024-02-26-at-21.25.37-1149x1536.jpeg 1149w, https:\/\/agora.xtec.cat\/esc-jmaragall-sabadell\/wp-content\/uploads\/usu1082\/2024\/02\/WhatsApp-Image-2024-02-26-at-21.25.37.jpeg 1197w\" sizes=\"auto, (max-width: 237px) 100vw, 237px\" \/><\/a><\/p>\n","protected":false},"excerpt":{"rendered":"<p>A 6\u00e8 continuem treballant les matem\u00e0tiques amb grups cooperatius i reptes per fomentar la motivaci\u00f3 i inter\u00e8s en el nostre alumnat. D&#8217;aquesta manera fomentem l&#8217;adquisici\u00f3 d&#8217;actituds, habilitats i capacitats en els nens i nenes m\u00e9s grans de l&#8217;escola.<br \/>\n<a href=\"https:\/\/agora.xtec.cat\/esc-jmaragall-sabadell\/wp-content\/uploads\/usu1082\/2024\/02\/WhatsApp-Image-2024-02-26-at-21.25.37.jpeg\"><\/a><\/p>\n","protected":false},"author":152,"featured_media":0,"comment_status":"open","ping_status":"closed","sticky":false,"template":"","format":"standard","meta":{"_bbp_topic_count":0,"_bbp_reply_count":0,"_bbp_total_topic_count":0,"_bbp_total_reply_count":0,"_bbp_voice_count":0,"_bbp_anonymous_reply_count":0,"_bbp_topic_count_hidden":0,"_bbp_reply_count_hidden":0,"_bbp_forum_subforum_count":0,"footnotes":""},"categories":[8,1,5,9,55],"tags":[],"class_list":["post-6925","post","type-post","status-publish","format-standard","hentry","category-8","category-general","category-primaria","category-1423a","category-1423b"],"post_mailing_queue_ids":[],"_links":{"self":[{"href":"https:\/\/agora.xtec.cat\/esc-jmaragall-sabadell\/wp-json\/wp\/v2\/posts\/6925","targetHints":{"allow":["GET"]}}],"collection":[{"href":"https:\/\/agora.xtec.cat\/esc-jmaragall-sabadell\/wp-json\/wp\/v2\/posts"}],"about":[{"href":"https:\/\/agora.xtec.cat\/esc-jmaragall-sabadell\/wp-json\/wp\/v2\/types\/post"}],"author":[{"embeddable":true,"href":"https:\/\/agora.xtec.cat\/esc-jmaragall-sabadell\/wp-json\/wp\/v2\/users\/152"}],"replies":[{"embeddable":true,"href":"https:\/\/agora.xtec.cat\/esc-jmaragall-sabadell\/wp-json\/wp\/v2\/comments?post=6925"}],"version-history":[{"count":1,"href":"https:\/\/agora.xtec.cat\/esc-jmaragall-sabadell\/wp-json\/wp\/v2\/posts\/6925\/revisions"}],"predecessor-version":[{"id":6927,"href":"https:\/\/agora.xtec.cat\/esc-jmaragall-sabadell\/wp-json\/wp\/v2\/posts\/6925\/revisions\/6927"}],"wp:attachment":[{"href":"https:\/\/agora.xtec.cat\/esc-jmaragall-sabadell\/wp-json\/wp\/v2\/media?parent=6925"}],"wp:term":[{"taxonomy":"category","embeddable":true,"href":"https:\/\/agora.xtec.cat\/esc-jmaragall-sabadell\/wp-json\/wp\/v2\/categories?post=6925"},{"taxonomy":"post_tag","embeddable":true,"href":"https:\/\/agora.xtec.cat\/esc-jmaragall-sabadell\/wp-json\/wp\/v2\/tags?post=6925"}],"curies":[{"name":"wp","href":"https:\/\/api.w.org\/{rel}","templated":true}]}}