{"id":6894,"date":"2024-02-22T12:39:13","date_gmt":"2024-02-22T11:39:13","guid":{"rendered":"https:\/\/agora.xtec.cat\/esc-jmaragall-sabadell\/?p=6894"},"modified":"2024-02-22T12:39:13","modified_gmt":"2024-02-22T11:39:13","slug":"i3-comenca-a-treballar-la-yayoi-kusama","status":"publish","type":"post","link":"https:\/\/agora.xtec.cat\/esc-jmaragall-sabadell\/general\/i3-comenca-a-treballar-la-yayoi-kusama\/","title":{"rendered":"I3 Comen\u00e7a a Treballar la YAYOI KUSAMA"},"content":{"rendered":"<p>Benvulgudes families<\/p>\n<p>I3 ha comen\u00e7at a treballar la Yayoi Kusama, i els i les nenes de sis\u00e8 vam venir a explicar-nos qui \u00e9s.<\/p>\n<p>Aqu\u00ed us deixem un petit video.<\/p>\n<p><iframe loading=\"lazy\" title=\"InShot 20240218 214731520 1\" width=\"500\" height=\"281\" src=\"https:\/\/www.youtube.com\/embed\/DdWgy_R47dI?feature=oembed\" frameborder=\"0\" allow=\"accelerometer; autoplay; clipboard-write; encrypted-media; gyroscope; picture-in-picture; web-share\" referrerpolicy=\"strict-origin-when-cross-origin\" allowfullscreen><\/iframe><\/p>\n","protected":false},"excerpt":{"rendered":"<p>Benvulgudes families<br \/>\nI3 ha comen\u00e7at a treballar la Yayoi Kusama, i els i les nenes de sis\u00e8 vam venir a explicar-nos qui \u00e9s.<br \/>\nAqu\u00ed us deixem un petit video.<\/p>\n","protected":false},"author":146,"featured_media":6895,"comment_status":"open","ping_status":"closed","sticky":false,"template":"","format":"standard","meta":{"_bbp_topic_count":0,"_bbp_reply_count":0,"_bbp_total_topic_count":0,"_bbp_total_reply_count":0,"_bbp_voice_count":0,"_bbp_anonymous_reply_count":0,"_bbp_topic_count_hidden":0,"_bbp_reply_count_hidden":0,"_bbp_forum_subforum_count":0,"footnotes":""},"categories":[1,305,306,4],"tags":[],"class_list":["post-6894","post","type-post","status-publish","format-standard","has-post-thumbnail","hentry","category-general","category-2332a","category-2332-b","category-portada"],"post_mailing_queue_ids":[],"_links":{"self":[{"href":"https:\/\/agora.xtec.cat\/esc-jmaragall-sabadell\/wp-json\/wp\/v2\/posts\/6894","targetHints":{"allow":["GET"]}}],"collection":[{"href":"https:\/\/agora.xtec.cat\/esc-jmaragall-sabadell\/wp-json\/wp\/v2\/posts"}],"about":[{"href":"https:\/\/agora.xtec.cat\/esc-jmaragall-sabadell\/wp-json\/wp\/v2\/types\/post"}],"author":[{"embeddable":true,"href":"https:\/\/agora.xtec.cat\/esc-jmaragall-sabadell\/wp-json\/wp\/v2\/users\/146"}],"replies":[{"embeddable":true,"href":"https:\/\/agora.xtec.cat\/esc-jmaragall-sabadell\/wp-json\/wp\/v2\/comments?post=6894"}],"version-history":[{"count":1,"href":"https:\/\/agora.xtec.cat\/esc-jmaragall-sabadell\/wp-json\/wp\/v2\/posts\/6894\/revisions"}],"predecessor-version":[{"id":6896,"href":"https:\/\/agora.xtec.cat\/esc-jmaragall-sabadell\/wp-json\/wp\/v2\/posts\/6894\/revisions\/6896"}],"wp:featuredmedia":[{"embeddable":true,"href":"https:\/\/agora.xtec.cat\/esc-jmaragall-sabadell\/wp-json\/wp\/v2\/media\/6895"}],"wp:attachment":[{"href":"https:\/\/agora.xtec.cat\/esc-jmaragall-sabadell\/wp-json\/wp\/v2\/media?parent=6894"}],"wp:term":[{"taxonomy":"category","embeddable":true,"href":"https:\/\/agora.xtec.cat\/esc-jmaragall-sabadell\/wp-json\/wp\/v2\/categories?post=6894"},{"taxonomy":"post_tag","embeddable":true,"href":"https:\/\/agora.xtec.cat\/esc-jmaragall-sabadell\/wp-json\/wp\/v2\/tags?post=6894"}],"curies":[{"name":"wp","href":"https:\/\/api.w.org\/{rel}","templated":true}]}}