{"id":6840,"date":"2024-02-05T23:21:45","date_gmt":"2024-02-05T22:21:45","guid":{"rendered":"https:\/\/agora.xtec.cat\/esc-jmaragall-sabadell\/?p=6840"},"modified":"2024-02-05T23:27:28","modified_gmt":"2024-02-05T22:27:28","slug":"sagrada-familia","status":"publish","type":"post","link":"https:\/\/agora.xtec.cat\/esc-jmaragall-sabadell\/general\/sagrada-familia\/","title":{"rendered":"Sagrada Fam\u00edlia"},"content":{"rendered":"<p>Hola fam\u00edlies!<\/p>\n<p>El passat 25 de gener, els nens i nenes de 3r de prim\u00e0ria van fer una visita guiada a un dels edificis m\u00e9s importants de la ciutat de Barcelona: el temple de la <strong>Sagrada Fam\u00edlia<\/strong>. All\u00e0 ens van explicar moltes coses sobre aquesta construcci\u00f3, on est\u00e0 situada respecte a Barcelona, quants anys fa que l\u2019estan construint, qui va ser l\u2019arquitecte i moltes altres coses. Quan vam entrar ens vam quedar al\u00b7lucinats amb els vitralls de colors c\u00e0lids i colors freds que il\u00b7luminaven, amb les columnes en forma d\u2019arbre i amb les diferents fa\u00e7anes exteriors que hi ha animals reprsentats.<\/p>\n<p>Aqu\u00ed podeu veure el recull de fotografies d&#8217;aquesta magn\u00edfica sortida. Esperem que us agradin.<\/p>\n<div style=\"width: 640px;\" class=\"wp-video\"><!--[if lt IE 9]><script>document.createElement('video');<\/script><![endif]-->\n<video class=\"wp-video-shortcode\" id=\"video-6840-1\" width=\"640\" height=\"360\" preload=\"metadata\" controls=\"controls\"><source type=\"video\/mp4\" src=\"https:\/\/agora.xtec.cat\/esc-jmaragall-sabadell\/wp-content\/uploads\/usu1082\/2024\/02\/sagrada-familia-3r-primaria_M39cD6zT.mp4?_=1\" \/><a href=\"https:\/\/agora.xtec.cat\/esc-jmaragall-sabadell\/wp-content\/uploads\/usu1082\/2024\/02\/sagrada-familia-3r-primaria_M39cD6zT.mp4\">https:\/\/agora.xtec.cat\/esc-jmaragall-sabadell\/wp-content\/uploads\/usu1082\/2024\/02\/sagrada-familia-3r-primaria_M39cD6zT.mp4<\/a><\/video><\/div>\n","protected":false},"excerpt":{"rendered":"<p>Hola fam\u00edlies!<br \/>\nEl passat 25 de gener, els nens i nenes de 3r de prim\u00e0ria van fer una visita guiada a un dels edificis m\u00e9s importants de la ciutat de Barcelona: el temple de la Sagrada Fam\u00edlia. All\u00e0 ens van explicar moltes coses sobre aquesta construcci\u00f3,&hellip;  <a href=\"https:\/\/agora.xtec.cat\/esc-jmaragall-sabadell\/general\/sagrada-familia\/\" title=\"Read Sagrada Fam\u00edlia\">Llegeix m\u00e9s\u00bb<\/a><\/p>\n","protected":false},"author":149,"featured_media":6842,"comment_status":"open","ping_status":"closed","sticky":false,"template":"","format":"standard","meta":{"_bbp_topic_count":0,"_bbp_reply_count":0,"_bbp_total_topic_count":0,"_bbp_total_reply_count":0,"_bbp_voice_count":0,"_bbp_anonymous_reply_count":0,"_bbp_topic_count_hidden":0,"_bbp_reply_count_hidden":0,"_bbp_forum_subforum_count":0,"footnotes":""},"categories":[190,1,4],"tags":[307,308,162],"class_list":["post-6840","post","type-post","status-publish","format-standard","has-post-thumbnail","hentry","category-190","category-general","category-portada","tag-ciclemitja","tag-sagradafamlia","tag-tercer"],"post_mailing_queue_ids":[],"_links":{"self":[{"href":"https:\/\/agora.xtec.cat\/esc-jmaragall-sabadell\/wp-json\/wp\/v2\/posts\/6840","targetHints":{"allow":["GET"]}}],"collection":[{"href":"https:\/\/agora.xtec.cat\/esc-jmaragall-sabadell\/wp-json\/wp\/v2\/posts"}],"about":[{"href":"https:\/\/agora.xtec.cat\/esc-jmaragall-sabadell\/wp-json\/wp\/v2\/types\/post"}],"author":[{"embeddable":true,"href":"https:\/\/agora.xtec.cat\/esc-jmaragall-sabadell\/wp-json\/wp\/v2\/users\/149"}],"replies":[{"embeddable":true,"href":"https:\/\/agora.xtec.cat\/esc-jmaragall-sabadell\/wp-json\/wp\/v2\/comments?post=6840"}],"version-history":[{"count":4,"href":"https:\/\/agora.xtec.cat\/esc-jmaragall-sabadell\/wp-json\/wp\/v2\/posts\/6840\/revisions"}],"predecessor-version":[{"id":6847,"href":"https:\/\/agora.xtec.cat\/esc-jmaragall-sabadell\/wp-json\/wp\/v2\/posts\/6840\/revisions\/6847"}],"wp:featuredmedia":[{"embeddable":true,"href":"https:\/\/agora.xtec.cat\/esc-jmaragall-sabadell\/wp-json\/wp\/v2\/media\/6842"}],"wp:attachment":[{"href":"https:\/\/agora.xtec.cat\/esc-jmaragall-sabadell\/wp-json\/wp\/v2\/media?parent=6840"}],"wp:term":[{"taxonomy":"category","embeddable":true,"href":"https:\/\/agora.xtec.cat\/esc-jmaragall-sabadell\/wp-json\/wp\/v2\/categories?post=6840"},{"taxonomy":"post_tag","embeddable":true,"href":"https:\/\/agora.xtec.cat\/esc-jmaragall-sabadell\/wp-json\/wp\/v2\/tags?post=6840"}],"curies":[{"name":"wp","href":"https:\/\/api.w.org\/{rel}","templated":true}]}}