{"id":6815,"date":"2024-02-05T11:05:25","date_gmt":"2024-02-05T10:05:25","guid":{"rendered":"https:\/\/agora.xtec.cat\/esc-jmaragall-sabadell\/?p=6815"},"modified":"2024-02-05T11:06:00","modified_gmt":"2024-02-05T10:06:00","slug":"ja-ha-arribat-el-carnestoltes","status":"publish","type":"post","link":"https:\/\/agora.xtec.cat\/esc-jmaragall-sabadell\/general\/ja-ha-arribat-el-carnestoltes\/","title":{"rendered":"Ja ha arribat el carnestoltes!!"},"content":{"rendered":"<p>Hooola nenes i nens de l&#8217;escola!<\/p>\n<p>Som els passafestes, i el rei carnestoltes ens ha dit que dem\u00e0 heu de venir a l&#8217;escola en pijama!<\/p>\n<p><a href=\"https:\/\/agora.xtec.cat\/esc-jmaragall-sabadell\/wp-content\/uploads\/usu1082\/2024\/02\/WhatsApp-Image-2024-02-05-at-10.37.07.jpeg\"><img loading=\"lazy\" decoding=\"async\" class=\"aligncenter size-large wp-image-6816\" src=\"https:\/\/agora.xtec.cat\/esc-jmaragall-sabadell\/wp-content\/uploads\/usu1082\/2024\/02\/WhatsApp-Image-2024-02-05-at-10.37.07-768x1024.jpeg\" alt=\"\" width=\"768\" height=\"1024\" srcset=\"https:\/\/agora.xtec.cat\/esc-jmaragall-sabadell\/wp-content\/uploads\/usu1082\/2024\/02\/WhatsApp-Image-2024-02-05-at-10.37.07-768x1024.jpeg 768w, https:\/\/agora.xtec.cat\/esc-jmaragall-sabadell\/wp-content\/uploads\/usu1082\/2024\/02\/WhatsApp-Image-2024-02-05-at-10.37.07-225x300.jpeg 225w, https:\/\/agora.xtec.cat\/esc-jmaragall-sabadell\/wp-content\/uploads\/usu1082\/2024\/02\/WhatsApp-Image-2024-02-05-at-10.37.07-1152x1536.jpeg 1152w, https:\/\/agora.xtec.cat\/esc-jmaragall-sabadell\/wp-content\/uploads\/usu1082\/2024\/02\/WhatsApp-Image-2024-02-05-at-10.37.07.jpeg 1536w\" sizes=\"auto, (max-width: 768px) 100vw, 768px\" \/><\/a> <a href=\"https:\/\/agora.xtec.cat\/esc-jmaragall-sabadell\/wp-content\/uploads\/usu1082\/2024\/02\/WhatsApp-Image-2024-02-05-at-10.37.06.jpeg\"><img loading=\"lazy\" decoding=\"async\" class=\"aligncenter size-large wp-image-6817\" src=\"https:\/\/agora.xtec.cat\/esc-jmaragall-sabadell\/wp-content\/uploads\/usu1082\/2024\/02\/WhatsApp-Image-2024-02-05-at-10.37.06-1024x768.jpeg\" alt=\"\" width=\"1024\" height=\"768\" srcset=\"https:\/\/agora.xtec.cat\/esc-jmaragall-sabadell\/wp-content\/uploads\/usu1082\/2024\/02\/WhatsApp-Image-2024-02-05-at-10.37.06-1024x768.jpeg 1024w, https:\/\/agora.xtec.cat\/esc-jmaragall-sabadell\/wp-content\/uploads\/usu1082\/2024\/02\/WhatsApp-Image-2024-02-05-at-10.37.06-300x225.jpeg 300w, https:\/\/agora.xtec.cat\/esc-jmaragall-sabadell\/wp-content\/uploads\/usu1082\/2024\/02\/WhatsApp-Image-2024-02-05-at-10.37.06-768x576.jpeg 768w, https:\/\/agora.xtec.cat\/esc-jmaragall-sabadell\/wp-content\/uploads\/usu1082\/2024\/02\/WhatsApp-Image-2024-02-05-at-10.37.06-1536x1152.jpeg 1536w, https:\/\/agora.xtec.cat\/esc-jmaragall-sabadell\/wp-content\/uploads\/usu1082\/2024\/02\/WhatsApp-Image-2024-02-05-at-10.37.06-200x150.jpeg 200w, https:\/\/agora.xtec.cat\/esc-jmaragall-sabadell\/wp-content\/uploads\/usu1082\/2024\/02\/WhatsApp-Image-2024-02-05-at-10.37.06.jpeg 2048w\" sizes=\"auto, (max-width: 1024px) 100vw, 1024px\" \/><\/a><\/p>\n<p>S\u00ed s\u00ed, quan us lleveu, no cal que us vestiu, podeu venir directament amb el pijama posat, ser\u00e0 molt divertit!<\/p>\n<p>Recordeu que passarem a veure el pijama i sin\u00f3&#8230;.us haurem de pintar les cares!<\/p>\n<p>Vinga, que comenci la FESTAAA!<\/p>\n<p>&nbsp;<\/p>\n<p>&nbsp;<\/p>\n","protected":false},"excerpt":{"rendered":"<p>Hooola nenes i nens de l&#8217;escola!<br \/>\nSom els passafestes, i el rei carnestoltes ens ha dit que dem\u00e0 heu de venir a l&#8217;escola en pijama!<br \/>\n<a href=\"https:\/\/agora.xtec.cat\/esc-jmaragall-sabadell\/wp-content\/uploads\/usu1082\/2024\/02\/WhatsApp-Image-2024-02-05-at-10.37.07.jpeg\"><\/a> <a href=\"https:\/\/agora.xtec.cat\/esc-jmaragall-sabadell\/wp-content\/uploads\/usu1082\/2024\/02\/WhatsApp-Image-2024-02-05-at-10.37.06.jpeg\"><\/a><br \/>\nS\u00ed s\u00ed, quan us lleveu, no cal que us vestiu, podeu venir directament amb el pijama posat, ser\u00e0 molt&hellip;  <a href=\"https:\/\/agora.xtec.cat\/esc-jmaragall-sabadell\/general\/ja-ha-arribat-el-carnestoltes\/\" title=\"Read Ja ha arribat el carnestoltes!!\">Llegeix m\u00e9s\u00bb<\/a><\/p>\n","protected":false},"author":101,"featured_media":6818,"comment_status":"open","ping_status":"closed","sticky":false,"template":"","format":"standard","meta":{"_bbp_topic_count":0,"_bbp_reply_count":0,"_bbp_total_topic_count":0,"_bbp_total_reply_count":0,"_bbp_voice_count":0,"_bbp_anonymous_reply_count":0,"_bbp_topic_count_hidden":0,"_bbp_reply_count_hidden":0,"_bbp_forum_subforum_count":0,"footnotes":""},"categories":[1,4,5],"tags":[],"class_list":["post-6815","post","type-post","status-publish","format-standard","has-post-thumbnail","hentry","category-general","category-portada","category-primaria"],"post_mailing_queue_ids":[],"_links":{"self":[{"href":"https:\/\/agora.xtec.cat\/esc-jmaragall-sabadell\/wp-json\/wp\/v2\/posts\/6815","targetHints":{"allow":["GET"]}}],"collection":[{"href":"https:\/\/agora.xtec.cat\/esc-jmaragall-sabadell\/wp-json\/wp\/v2\/posts"}],"about":[{"href":"https:\/\/agora.xtec.cat\/esc-jmaragall-sabadell\/wp-json\/wp\/v2\/types\/post"}],"author":[{"embeddable":true,"href":"https:\/\/agora.xtec.cat\/esc-jmaragall-sabadell\/wp-json\/wp\/v2\/users\/101"}],"replies":[{"embeddable":true,"href":"https:\/\/agora.xtec.cat\/esc-jmaragall-sabadell\/wp-json\/wp\/v2\/comments?post=6815"}],"version-history":[{"count":1,"href":"https:\/\/agora.xtec.cat\/esc-jmaragall-sabadell\/wp-json\/wp\/v2\/posts\/6815\/revisions"}],"predecessor-version":[{"id":6819,"href":"https:\/\/agora.xtec.cat\/esc-jmaragall-sabadell\/wp-json\/wp\/v2\/posts\/6815\/revisions\/6819"}],"wp:featuredmedia":[{"embeddable":true,"href":"https:\/\/agora.xtec.cat\/esc-jmaragall-sabadell\/wp-json\/wp\/v2\/media\/6818"}],"wp:attachment":[{"href":"https:\/\/agora.xtec.cat\/esc-jmaragall-sabadell\/wp-json\/wp\/v2\/media?parent=6815"}],"wp:term":[{"taxonomy":"category","embeddable":true,"href":"https:\/\/agora.xtec.cat\/esc-jmaragall-sabadell\/wp-json\/wp\/v2\/categories?post=6815"},{"taxonomy":"post_tag","embeddable":true,"href":"https:\/\/agora.xtec.cat\/esc-jmaragall-sabadell\/wp-json\/wp\/v2\/tags?post=6815"}],"curies":[{"name":"wp","href":"https:\/\/api.w.org\/{rel}","templated":true}]}}