{"id":6766,"date":"2024-01-28T16:34:00","date_gmt":"2024-01-28T15:34:00","guid":{"rendered":"https:\/\/agora.xtec.cat\/esc-jmaragall-sabadell\/?p=6766"},"modified":"2024-02-23T15:59:08","modified_gmt":"2024-02-23T14:59:08","slug":"un-nou-pati-sensorial","status":"publish","type":"post","link":"https:\/\/agora.xtec.cat\/esc-jmaragall-sabadell\/general\/un-nou-pati-sensorial\/","title":{"rendered":"UN NOU PATI SENSORIAL"},"content":{"rendered":"<p>El passat dilluns, els infants de 1r van comen\u00e7ar a gaudir d\u2019un nou espai de joc lliure a l\u2019exterior gr\u00e0cies a les alumnes en pr\u00e0ctiques que han estat cursant aquest curs a la nostra escola. S\u2019ho van passar d\u2019all\u00f2 m\u00e9s b\u00e9 amb totes les propostes i van gaudir molt! Moltes gr\u00e0cies!<\/p>\n<p><a href=\"https:\/\/agora.xtec.cat\/esc-jmaragall-sabadell\/wp-content\/uploads\/usu1082\/2024\/01\/IMG_7657-e1706788140135.jpg\"><img loading=\"lazy\" decoding=\"async\" class=\"alignnone wp-image-6768\" src=\"https:\/\/agora.xtec.cat\/esc-jmaragall-sabadell\/wp-content\/uploads\/usu1082\/2024\/01\/IMG_7657-e1706788140135.jpg\" alt=\"\" width=\"517\" height=\"339\" srcset=\"https:\/\/agora.xtec.cat\/esc-jmaragall-sabadell\/wp-content\/uploads\/usu1082\/2024\/01\/IMG_7657-e1706788140135.jpg 557w, https:\/\/agora.xtec.cat\/esc-jmaragall-sabadell\/wp-content\/uploads\/usu1082\/2024\/01\/IMG_7657-e1706788140135-300x197.jpg 300w\" sizes=\"auto, (max-width: 517px) 100vw, 517px\" \/><\/a><\/p>\n<p><a href=\"https:\/\/agora.xtec.cat\/esc-jmaragall-sabadell\/wp-content\/uploads\/usu1082\/2024\/01\/IMG_7658.jpg\"><img loading=\"lazy\" decoding=\"async\" class=\"alignnone wp-image-6769\" src=\"https:\/\/agora.xtec.cat\/esc-jmaragall-sabadell\/wp-content\/uploads\/usu1082\/2024\/01\/IMG_7658.jpg\" alt=\"\" width=\"513\" height=\"385\" srcset=\"https:\/\/agora.xtec.cat\/esc-jmaragall-sabadell\/wp-content\/uploads\/usu1082\/2024\/01\/IMG_7658.jpg 640w, https:\/\/agora.xtec.cat\/esc-jmaragall-sabadell\/wp-content\/uploads\/usu1082\/2024\/01\/IMG_7658-300x225.jpg 300w, https:\/\/agora.xtec.cat\/esc-jmaragall-sabadell\/wp-content\/uploads\/usu1082\/2024\/01\/IMG_7658-200x150.jpg 200w\" sizes=\"auto, (max-width: 513px) 100vw, 513px\" \/><\/a><\/p>\n<p><a href=\"https:\/\/agora.xtec.cat\/esc-jmaragall-sabadell\/wp-content\/uploads\/usu1082\/2024\/01\/IMG_7662-rotated-e1706787975336.jpg\"><img loading=\"lazy\" decoding=\"async\" class=\"alignnone wp-image-6767\" src=\"https:\/\/agora.xtec.cat\/esc-jmaragall-sabadell\/wp-content\/uploads\/usu1082\/2024\/01\/IMG_7662-rotated-e1706787975336.jpg\" alt=\"\" width=\"509\" height=\"538\" srcset=\"https:\/\/agora.xtec.cat\/esc-jmaragall-sabadell\/wp-content\/uploads\/usu1082\/2024\/01\/IMG_7662-rotated-e1706787975336.jpg 371w, https:\/\/agora.xtec.cat\/esc-jmaragall-sabadell\/wp-content\/uploads\/usu1082\/2024\/01\/IMG_7662-rotated-e1706787975336-284x300.jpg 284w\" sizes=\"auto, (max-width: 509px) 100vw, 509px\" \/><\/a><\/p>\n<p>&nbsp;<\/p>\n<p>&nbsp;<\/p>\n<p>&nbsp;<\/p>\n","protected":false},"excerpt":{"rendered":"<p>El passat dilluns, els infants de 1r van comen\u00e7ar a gaudir d\u2019un nou espai de joc lliure a l\u2019exterior gr\u00e0cies a les alumnes en pr\u00e0ctiques que han estat cursant aquest curs a la nostra escola. S\u2019ho van passar d\u2019all\u00f2 m\u00e9s b\u00e9 amb totes les propostes&hellip;  <a href=\"https:\/\/agora.xtec.cat\/esc-jmaragall-sabadell\/general\/un-nou-pati-sensorial\/\" title=\"Read UN NOU PATI SENSORIAL\">Llegeix m\u00e9s\u00bb<\/a><\/p>\n","protected":false},"author":147,"featured_media":6767,"comment_status":"open","ping_status":"closed","sticky":false,"template":"","format":"standard","meta":{"_bbp_topic_count":0,"_bbp_reply_count":0,"_bbp_total_topic_count":0,"_bbp_total_reply_count":0,"_bbp_voice_count":0,"_bbp_anonymous_reply_count":0,"_bbp_topic_count_hidden":0,"_bbp_reply_count_hidden":0,"_bbp_forum_subforum_count":0,"footnotes":""},"categories":[245,1,4,5],"tags":[],"class_list":["post-6766","post","type-post","status-publish","format-standard","has-post-thumbnail","hentry","category-245","category-general","category-portada","category-primaria"],"post_mailing_queue_ids":[],"_links":{"self":[{"href":"https:\/\/agora.xtec.cat\/esc-jmaragall-sabadell\/wp-json\/wp\/v2\/posts\/6766","targetHints":{"allow":["GET"]}}],"collection":[{"href":"https:\/\/agora.xtec.cat\/esc-jmaragall-sabadell\/wp-json\/wp\/v2\/posts"}],"about":[{"href":"https:\/\/agora.xtec.cat\/esc-jmaragall-sabadell\/wp-json\/wp\/v2\/types\/post"}],"author":[{"embeddable":true,"href":"https:\/\/agora.xtec.cat\/esc-jmaragall-sabadell\/wp-json\/wp\/v2\/users\/147"}],"replies":[{"embeddable":true,"href":"https:\/\/agora.xtec.cat\/esc-jmaragall-sabadell\/wp-json\/wp\/v2\/comments?post=6766"}],"version-history":[{"count":6,"href":"https:\/\/agora.xtec.cat\/esc-jmaragall-sabadell\/wp-json\/wp\/v2\/posts\/6766\/revisions"}],"predecessor-version":[{"id":6919,"href":"https:\/\/agora.xtec.cat\/esc-jmaragall-sabadell\/wp-json\/wp\/v2\/posts\/6766\/revisions\/6919"}],"wp:featuredmedia":[{"embeddable":true,"href":"https:\/\/agora.xtec.cat\/esc-jmaragall-sabadell\/wp-json\/wp\/v2\/media\/6767"}],"wp:attachment":[{"href":"https:\/\/agora.xtec.cat\/esc-jmaragall-sabadell\/wp-json\/wp\/v2\/media?parent=6766"}],"wp:term":[{"taxonomy":"category","embeddable":true,"href":"https:\/\/agora.xtec.cat\/esc-jmaragall-sabadell\/wp-json\/wp\/v2\/categories?post=6766"},{"taxonomy":"post_tag","embeddable":true,"href":"https:\/\/agora.xtec.cat\/esc-jmaragall-sabadell\/wp-json\/wp\/v2\/tags?post=6766"}],"curies":[{"name":"wp","href":"https:\/\/api.w.org\/{rel}","templated":true}]}}