{"id":6737,"date":"2024-01-17T13:53:16","date_gmt":"2024-01-17T12:53:16","guid":{"rendered":"https:\/\/agora.xtec.cat\/esc-jmaragall-sabadell\/?p=6737"},"modified":"2024-01-17T13:53:16","modified_gmt":"2024-01-17T12:53:16","slug":"el-nostre-raconet","status":"publish","type":"post","link":"https:\/\/agora.xtec.cat\/esc-jmaragall-sabadell\/general\/el-nostre-raconet\/","title":{"rendered":"El nostre raconet"},"content":{"rendered":"<p>Els infants d\u2019Educaci\u00f3 Infantil comencen a gaudir d\u2019un nou espai de joc lliure a l\u2019exterior gr\u00e0cies a les alumnes que han estat cursant les pr\u00e0ctiques aquest curs a la nostra escola. Aix\u00ed doncs, s\u00f3n elles les que han engegat i creat aquest projecte amb molta il\u00b7lusi\u00f3, dedicaci\u00f3, motivaci\u00f3 i esfor\u00e7.<\/p>\n<p>Us animem a clicar l&#8217;enlla\u00e7 per poder visualitzar la proposta. <a href=\"https:\/\/youtu.be\/NJI-t0erBDQ\">https:\/\/youtu.be\/NJI-t0erBDQ<\/a><\/p>\n<p>&nbsp;<\/p>\n<p>&nbsp;<\/p>\n","protected":false},"excerpt":{"rendered":"<p>Els infants d\u2019Educaci\u00f3 Infantil comencen a gaudir d\u2019un nou espai de joc lliure a l\u2019exterior gr\u00e0cies a les alumnes que han estat cursant les pr\u00e0ctiques aquest curs a la nostra escola. Aix\u00ed doncs, s\u00f3n elles les que han engegat i creat aquest projecte amb molta&hellip;  <a href=\"https:\/\/agora.xtec.cat\/esc-jmaragall-sabadell\/general\/el-nostre-raconet\/\" title=\"Read El nostre raconet\">Llegeix m\u00e9s\u00bb<\/a><\/p>\n","protected":false},"author":37,"featured_media":6741,"comment_status":"open","ping_status":"closed","sticky":false,"template":"","format":"standard","meta":{"_bbp_topic_count":0,"_bbp_reply_count":0,"_bbp_total_topic_count":0,"_bbp_total_reply_count":0,"_bbp_voice_count":0,"_bbp_anonymous_reply_count":0,"_bbp_topic_count_hidden":0,"_bbp_reply_count_hidden":0,"_bbp_forum_subforum_count":0,"footnotes":""},"categories":[1,2,4],"tags":[],"class_list":["post-6737","post","type-post","status-publish","format-standard","has-post-thumbnail","hentry","category-general","category-infantil","category-portada"],"post_mailing_queue_ids":[],"_links":{"self":[{"href":"https:\/\/agora.xtec.cat\/esc-jmaragall-sabadell\/wp-json\/wp\/v2\/posts\/6737","targetHints":{"allow":["GET"]}}],"collection":[{"href":"https:\/\/agora.xtec.cat\/esc-jmaragall-sabadell\/wp-json\/wp\/v2\/posts"}],"about":[{"href":"https:\/\/agora.xtec.cat\/esc-jmaragall-sabadell\/wp-json\/wp\/v2\/types\/post"}],"author":[{"embeddable":true,"href":"https:\/\/agora.xtec.cat\/esc-jmaragall-sabadell\/wp-json\/wp\/v2\/users\/37"}],"replies":[{"embeddable":true,"href":"https:\/\/agora.xtec.cat\/esc-jmaragall-sabadell\/wp-json\/wp\/v2\/comments?post=6737"}],"version-history":[{"count":1,"href":"https:\/\/agora.xtec.cat\/esc-jmaragall-sabadell\/wp-json\/wp\/v2\/posts\/6737\/revisions"}],"predecessor-version":[{"id":6742,"href":"https:\/\/agora.xtec.cat\/esc-jmaragall-sabadell\/wp-json\/wp\/v2\/posts\/6737\/revisions\/6742"}],"wp:featuredmedia":[{"embeddable":true,"href":"https:\/\/agora.xtec.cat\/esc-jmaragall-sabadell\/wp-json\/wp\/v2\/media\/6741"}],"wp:attachment":[{"href":"https:\/\/agora.xtec.cat\/esc-jmaragall-sabadell\/wp-json\/wp\/v2\/media?parent=6737"}],"wp:term":[{"taxonomy":"category","embeddable":true,"href":"https:\/\/agora.xtec.cat\/esc-jmaragall-sabadell\/wp-json\/wp\/v2\/categories?post=6737"},{"taxonomy":"post_tag","embeddable":true,"href":"https:\/\/agora.xtec.cat\/esc-jmaragall-sabadell\/wp-json\/wp\/v2\/tags?post=6737"}],"curies":[{"name":"wp","href":"https:\/\/api.w.org\/{rel}","templated":true}]}}