{"id":6646,"date":"2024-01-17T12:39:48","date_gmt":"2024-01-17T11:39:48","guid":{"rendered":"https:\/\/agora.xtec.cat\/esc-jmaragall-sabadell\/?p=6646"},"modified":"2024-12-11T13:49:58","modified_gmt":"2024-12-11T12:49:58","slug":"concert-de-nadal-2023","status":"publish","type":"post","link":"https:\/\/agora.xtec.cat\/esc-jmaragall-sabadell\/general\/concert-de-nadal-2023\/","title":{"rendered":"CONCERT DE NADAL 2023"},"content":{"rendered":"<p><span style=\"font-weight: 400;\">Aqu\u00ed trobareu les actuacions del passat concert de Nadal que vam fer al desembre.<\/span><\/p>\n<p><span style=\"font-weight: 400;\">Va ser un mat\u00ed molt emocionant on els nens i nenes van poder ensenyar la feina feta durant les \u00faltimes setmanes amb les tutores i les mestres de m\u00fasica. L\u2019esfor\u00e7 va tenir recompensa&#8230; Mireu quines actuacions m\u00e9s boniques!<\/span><\/p>\n<p><iframe loading=\"lazy\" title=\"Llums de colors I3\" width=\"500\" height=\"281\" src=\"https:\/\/www.youtube.com\/embed\/_IiFzUiKU6w?feature=oembed\" frameborder=\"0\" allow=\"accelerometer; autoplay; clipboard-write; encrypted-media; gyroscope; picture-in-picture; web-share\" referrerpolicy=\"strict-origin-when-cross-origin\" allowfullscreen><\/iframe><\/p>\n<p><iframe loading=\"lazy\" title=\"A la nit de Nadal I4\" width=\"500\" height=\"281\" src=\"https:\/\/www.youtube.com\/embed\/uim1lCL2qDs?feature=oembed\" frameborder=\"0\" allow=\"accelerometer; autoplay; clipboard-write; encrypted-media; gyroscope; picture-in-picture; web-share\" referrerpolicy=\"strict-origin-when-cross-origin\" allowfullscreen><\/iframe><\/p>\n<p><iframe loading=\"lazy\" title=\"M&#039;agrada el Nadal I5\" width=\"500\" height=\"281\" src=\"https:\/\/www.youtube.com\/embed\/V7e-CQzI1CU?feature=oembed\" frameborder=\"0\" allow=\"accelerometer; autoplay; clipboard-write; encrypted-media; gyroscope; picture-in-picture; web-share\" referrerpolicy=\"strict-origin-when-cross-origin\" allowfullscreen><\/iframe><\/p>\n<p><iframe loading=\"lazy\" title=\"Primer ve Nadal 1r\" width=\"500\" height=\"281\" src=\"https:\/\/www.youtube.com\/embed\/UqFoYy5vxjc?feature=oembed\" frameborder=\"0\" allow=\"accelerometer; autoplay; clipboard-write; encrypted-media; gyroscope; picture-in-picture; web-share\" referrerpolicy=\"strict-origin-when-cross-origin\" allowfullscreen><\/iframe><\/p>\n<p><iframe loading=\"lazy\" title=\"He fet un ninot de neu 2n\" width=\"500\" height=\"281\" src=\"https:\/\/www.youtube.com\/embed\/-l4lVZH8vT4?feature=oembed\" frameborder=\"0\" allow=\"accelerometer; autoplay; clipboard-write; encrypted-media; gyroscope; picture-in-picture; web-share\" referrerpolicy=\"strict-origin-when-cross-origin\" allowfullscreen><\/iframe><\/p>\n<p><iframe loading=\"lazy\" title=\"Twist del nas gelat 3r\" width=\"500\" height=\"281\" src=\"https:\/\/www.youtube.com\/embed\/iPfuUf6aids?feature=oembed\" frameborder=\"0\" allow=\"accelerometer; autoplay; clipboard-write; encrypted-media; gyroscope; picture-in-picture; web-share\" referrerpolicy=\"strict-origin-when-cross-origin\" allowfullscreen><\/iframe><\/p>\n<p><iframe loading=\"lazy\" title=\"El dinar de Nadal 4t\" width=\"500\" height=\"281\" src=\"https:\/\/www.youtube.com\/embed\/IU8pAzInhlA?feature=oembed\" frameborder=\"0\" allow=\"accelerometer; autoplay; clipboard-write; encrypted-media; gyroscope; picture-in-picture; web-share\" referrerpolicy=\"strict-origin-when-cross-origin\" allowfullscreen><\/iframe><\/p>\n<p><iframe loading=\"lazy\" title=\"Les campanades 5\u00e8\" width=\"500\" height=\"375\" src=\"https:\/\/www.youtube.com\/embed\/ot9_0RFoTow?feature=oembed\" frameborder=\"0\" allow=\"accelerometer; autoplay; clipboard-write; encrypted-media; gyroscope; picture-in-picture; web-share\" referrerpolicy=\"strict-origin-when-cross-origin\" allowfullscreen><\/iframe><\/p>\n<p><iframe loading=\"lazy\" title=\"Bressol d&#039;hivern 6\u00e8\" width=\"500\" height=\"281\" src=\"https:\/\/www.youtube.com\/embed\/e8AlvnN5Ek0?feature=oembed\" frameborder=\"0\" allow=\"accelerometer; autoplay; clipboard-write; encrypted-media; gyroscope; picture-in-picture; web-share\" referrerpolicy=\"strict-origin-when-cross-origin\" allowfullscreen><\/iframe><\/p>\n","protected":false},"excerpt":{"rendered":"<p>Aqu\u00ed trobareu les actuacions del passat concert de Nadal que vam fer al desembre.<br \/>\nVa ser un mat\u00ed molt emocionant on els nens i nenes van poder ensenyar la feina feta durant les \u00faltimes setmanes amb les tutores i les mestres de m\u00fasica. L\u2019esfor\u00e7 va tenir&hellip;  <a href=\"https:\/\/agora.xtec.cat\/esc-jmaragall-sabadell\/general\/concert-de-nadal-2023\/\" title=\"Read CONCERT DE NADAL 2023\">Llegeix m\u00e9s\u00bb<\/a><\/p>\n","protected":false},"author":151,"featured_media":6711,"comment_status":"open","ping_status":"closed","sticky":false,"template":"","format":"standard","meta":{"_bbp_topic_count":0,"_bbp_reply_count":0,"_bbp_total_topic_count":0,"_bbp_total_reply_count":0,"_bbp_voice_count":0,"_bbp_anonymous_reply_count":0,"_bbp_topic_count_hidden":0,"_bbp_reply_count_hidden":0,"_bbp_forum_subforum_count":0,"footnotes":""},"categories":[1,61],"tags":[],"class_list":["post-6646","post","type-post","status-publish","format-standard","has-post-thumbnail","hentry","category-general","category-musica"],"post_mailing_queue_ids":[],"_links":{"self":[{"href":"https:\/\/agora.xtec.cat\/esc-jmaragall-sabadell\/wp-json\/wp\/v2\/posts\/6646","targetHints":{"allow":["GET"]}}],"collection":[{"href":"https:\/\/agora.xtec.cat\/esc-jmaragall-sabadell\/wp-json\/wp\/v2\/posts"}],"about":[{"href":"https:\/\/agora.xtec.cat\/esc-jmaragall-sabadell\/wp-json\/wp\/v2\/types\/post"}],"author":[{"embeddable":true,"href":"https:\/\/agora.xtec.cat\/esc-jmaragall-sabadell\/wp-json\/wp\/v2\/users\/151"}],"replies":[{"embeddable":true,"href":"https:\/\/agora.xtec.cat\/esc-jmaragall-sabadell\/wp-json\/wp\/v2\/comments?post=6646"}],"version-history":[{"count":3,"href":"https:\/\/agora.xtec.cat\/esc-jmaragall-sabadell\/wp-json\/wp\/v2\/posts\/6646\/revisions"}],"predecessor-version":[{"id":7838,"href":"https:\/\/agora.xtec.cat\/esc-jmaragall-sabadell\/wp-json\/wp\/v2\/posts\/6646\/revisions\/7838"}],"wp:featuredmedia":[{"embeddable":true,"href":"https:\/\/agora.xtec.cat\/esc-jmaragall-sabadell\/wp-json\/wp\/v2\/media\/6711"}],"wp:attachment":[{"href":"https:\/\/agora.xtec.cat\/esc-jmaragall-sabadell\/wp-json\/wp\/v2\/media?parent=6646"}],"wp:term":[{"taxonomy":"category","embeddable":true,"href":"https:\/\/agora.xtec.cat\/esc-jmaragall-sabadell\/wp-json\/wp\/v2\/categories?post=6646"},{"taxonomy":"post_tag","embeddable":true,"href":"https:\/\/agora.xtec.cat\/esc-jmaragall-sabadell\/wp-json\/wp\/v2\/tags?post=6646"}],"curies":[{"name":"wp","href":"https:\/\/api.w.org\/{rel}","templated":true}]}}