{"id":6573,"date":"2023-12-12T19:25:44","date_gmt":"2023-12-12T18:25:44","guid":{"rendered":"https:\/\/agora.xtec.cat\/esc-jmaragall-sabadell\/?p=6573"},"modified":"2023-12-12T19:26:36","modified_gmt":"2023-12-12T18:26:36","slug":"treballem-la-nostra-respiravi","status":"publish","type":"post","link":"https:\/\/agora.xtec.cat\/esc-jmaragall-sabadell\/general\/treballem-la-nostra-respiravi\/","title":{"rendered":"Treballem el sistema respiratori!!!!"},"content":{"rendered":"<p>Els nens i nenes de quart han investigat qu\u00e8 passa quan tenim asma o alguna malaltia respiratoria: qu\u00e8 ens passa al nostre cos?, respirem igual?, com ens sentim? qu\u00e8 necessitem les nostres c\u00e8l\u00b7lules per viure (el nostre cos)?&#8230;<\/p>\n<p>Aquest proposta de treball ens ha portat a parlar del nostre sistema respiratori en profunditat i a relacionar-lo amb dues necessitats m\u00e9s de les nostre cos: \u00a0un medi aqu\u00f3s (aigua) i l&#8217;alimentaci\u00f3.<\/p>\n<p>Aqu\u00ed un deixem una mostra breu d&#8217;una maqueta en qu\u00e8 veiem con funciona el diafragma i els nostres pulmons.<\/p>\n<div style=\"width: 848px;\" class=\"wp-video\"><!--[if lt IE 9]><script>document.createElement('video');<\/script><![endif]-->\n<video class=\"wp-video-shortcode\" id=\"video-6573-1\" width=\"848\" height=\"480\" preload=\"metadata\" controls=\"controls\"><source type=\"video\/mp4\" src=\"https:\/\/agora.xtec.cat\/esc-jmaragall-sabadell\/wp-content\/uploads\/usu1082\/2023\/12\/WhatsApp-Video-2023-12-12-at-11.17.53-AM.mp4?_=1\" \/><a href=\"https:\/\/agora.xtec.cat\/esc-jmaragall-sabadell\/wp-content\/uploads\/usu1082\/2023\/12\/WhatsApp-Video-2023-12-12-at-11.17.53-AM.mp4\">https:\/\/agora.xtec.cat\/esc-jmaragall-sabadell\/wp-content\/uploads\/usu1082\/2023\/12\/WhatsApp-Video-2023-12-12-at-11.17.53-AM.mp4<\/a><\/video><\/div>\n","protected":false},"excerpt":{"rendered":"<p>Els nens i nenes de quart han investigat qu\u00e8 passa quan tenim asma o alguna malaltia respiratoria: qu\u00e8 ens passa al nostre cos?, respirem igual?, com ens sentim? qu\u00e8 necessitem les nostres c\u00e8l\u00b7lules per viure (el nostre cos)?&#8230;<br \/>\nAquest proposta de treball ens ha portat a&hellip;  <a href=\"https:\/\/agora.xtec.cat\/esc-jmaragall-sabadell\/general\/treballem-la-nostra-respiravi\/\" title=\"Read Treballem el sistema respiratori!!!!\">Llegeix m\u00e9s\u00bb<\/a><\/p>\n","protected":false},"author":69,"featured_media":0,"comment_status":"open","ping_status":"closed","sticky":false,"template":"","format":"standard","meta":{"_bbp_topic_count":0,"_bbp_reply_count":0,"_bbp_total_topic_count":0,"_bbp_total_reply_count":0,"_bbp_voice_count":0,"_bbp_anonymous_reply_count":0,"_bbp_topic_count_hidden":0,"_bbp_reply_count_hidden":0,"_bbp_forum_subforum_count":0,"footnotes":""},"categories":[120,1,4],"tags":[],"class_list":["post-6573","post","type-post","status-publish","format-standard","hentry","category-120","category-general","category-portada"],"post_mailing_queue_ids":[],"_links":{"self":[{"href":"https:\/\/agora.xtec.cat\/esc-jmaragall-sabadell\/wp-json\/wp\/v2\/posts\/6573","targetHints":{"allow":["GET"]}}],"collection":[{"href":"https:\/\/agora.xtec.cat\/esc-jmaragall-sabadell\/wp-json\/wp\/v2\/posts"}],"about":[{"href":"https:\/\/agora.xtec.cat\/esc-jmaragall-sabadell\/wp-json\/wp\/v2\/types\/post"}],"author":[{"embeddable":true,"href":"https:\/\/agora.xtec.cat\/esc-jmaragall-sabadell\/wp-json\/wp\/v2\/users\/69"}],"replies":[{"embeddable":true,"href":"https:\/\/agora.xtec.cat\/esc-jmaragall-sabadell\/wp-json\/wp\/v2\/comments?post=6573"}],"version-history":[{"count":2,"href":"https:\/\/agora.xtec.cat\/esc-jmaragall-sabadell\/wp-json\/wp\/v2\/posts\/6573\/revisions"}],"predecessor-version":[{"id":6576,"href":"https:\/\/agora.xtec.cat\/esc-jmaragall-sabadell\/wp-json\/wp\/v2\/posts\/6573\/revisions\/6576"}],"wp:attachment":[{"href":"https:\/\/agora.xtec.cat\/esc-jmaragall-sabadell\/wp-json\/wp\/v2\/media?parent=6573"}],"wp:term":[{"taxonomy":"category","embeddable":true,"href":"https:\/\/agora.xtec.cat\/esc-jmaragall-sabadell\/wp-json\/wp\/v2\/categories?post=6573"},{"taxonomy":"post_tag","embeddable":true,"href":"https:\/\/agora.xtec.cat\/esc-jmaragall-sabadell\/wp-json\/wp\/v2\/tags?post=6573"}],"curies":[{"name":"wp","href":"https:\/\/api.w.org\/{rel}","templated":true}]}}