{"id":6555,"date":"2023-12-01T20:56:08","date_gmt":"2023-12-01T19:56:08","guid":{"rendered":"https:\/\/agora.xtec.cat\/esc-jmaragall-sabadell\/?p=6555"},"modified":"2023-12-01T20:56:08","modified_gmt":"2023-12-01T19:56:08","slug":"reciclem","status":"publish","type":"post","link":"https:\/\/agora.xtec.cat\/esc-jmaragall-sabadell\/general\/reciclem\/","title":{"rendered":"RECICLEM !!"},"content":{"rendered":"<p>A medi els nens i nenes de 2n hem treballat el tema dels materials. Hem apr\u00e8s de quin material estan fets els diferents objectes i tamb\u00e9 hem parlat del reciclatge. A l&#8217;aula hem fet un moneder reciclant un env\u00e0s de llet que hem portat de casa. Mireu com ha quedat!!<\/p>\n<p><a href=\"https:\/\/agora.xtec.cat\/esc-jmaragall-sabadell\/wp-content\/uploads\/usu1082\/2023\/11\/IMG-20231129-WA0000.jpg\"><img loading=\"lazy\" decoding=\"async\" class=\"alignnone  wp-image-6556\" src=\"https:\/\/agora.xtec.cat\/esc-jmaragall-sabadell\/wp-content\/uploads\/usu1082\/2023\/11\/IMG-20231129-WA0000-771x1024.jpg\" alt=\"\" width=\"381\" height=\"506\" srcset=\"https:\/\/agora.xtec.cat\/esc-jmaragall-sabadell\/wp-content\/uploads\/usu1082\/2023\/11\/IMG-20231129-WA0000-771x1024.jpg 771w, https:\/\/agora.xtec.cat\/esc-jmaragall-sabadell\/wp-content\/uploads\/usu1082\/2023\/11\/IMG-20231129-WA0000-226x300.jpg 226w, https:\/\/agora.xtec.cat\/esc-jmaragall-sabadell\/wp-content\/uploads\/usu1082\/2023\/11\/IMG-20231129-WA0000-768x1020.jpg 768w, https:\/\/agora.xtec.cat\/esc-jmaragall-sabadell\/wp-content\/uploads\/usu1082\/2023\/11\/IMG-20231129-WA0000-1157x1536.jpg 1157w, https:\/\/agora.xtec.cat\/esc-jmaragall-sabadell\/wp-content\/uploads\/usu1082\/2023\/11\/IMG-20231129-WA0000.jpg 1536w\" sizes=\"auto, (max-width: 381px) 100vw, 381px\" \/><\/a><a href=\"https:\/\/agora.xtec.cat\/esc-jmaragall-sabadell\/wp-content\/uploads\/usu1082\/2023\/11\/IMG-20231128-WA0003.jpg\">\u00a0 \u00a0 \u00a0 <img loading=\"lazy\" decoding=\"async\" class=\"alignnone  wp-image-6557\" src=\"https:\/\/agora.xtec.cat\/esc-jmaragall-sabadell\/wp-content\/uploads\/usu1082\/2023\/11\/IMG-20231128-WA0003-771x1024.jpg\" alt=\"\" width=\"382\" height=\"507\" srcset=\"https:\/\/agora.xtec.cat\/esc-jmaragall-sabadell\/wp-content\/uploads\/usu1082\/2023\/11\/IMG-20231128-WA0003-771x1024.jpg 771w, https:\/\/agora.xtec.cat\/esc-jmaragall-sabadell\/wp-content\/uploads\/usu1082\/2023\/11\/IMG-20231128-WA0003-226x300.jpg 226w, https:\/\/agora.xtec.cat\/esc-jmaragall-sabadell\/wp-content\/uploads\/usu1082\/2023\/11\/IMG-20231128-WA0003-768x1021.jpg 768w, https:\/\/agora.xtec.cat\/esc-jmaragall-sabadell\/wp-content\/uploads\/usu1082\/2023\/11\/IMG-20231128-WA0003-1156x1536.jpg 1156w, https:\/\/agora.xtec.cat\/esc-jmaragall-sabadell\/wp-content\/uploads\/usu1082\/2023\/11\/IMG-20231128-WA0003.jpg 1204w\" sizes=\"auto, (max-width: 382px) 100vw, 382px\" \/><\/a><a href=\"https:\/\/agora.xtec.cat\/esc-jmaragall-sabadell\/wp-content\/uploads\/usu1082\/2023\/11\/IMG-20231128-WA0002.jpg\"><img loading=\"lazy\" decoding=\"async\" class=\"alignnone  wp-image-6558\" src=\"https:\/\/agora.xtec.cat\/esc-jmaragall-sabadell\/wp-content\/uploads\/usu1082\/2023\/11\/IMG-20231128-WA0002-1024x771.jpg\" alt=\"\" width=\"469\" height=\"353\" srcset=\"https:\/\/agora.xtec.cat\/esc-jmaragall-sabadell\/wp-content\/uploads\/usu1082\/2023\/11\/IMG-20231128-WA0002-1024x771.jpg 1024w, https:\/\/agora.xtec.cat\/esc-jmaragall-sabadell\/wp-content\/uploads\/usu1082\/2023\/11\/IMG-20231128-WA0002-300x226.jpg 300w, https:\/\/agora.xtec.cat\/esc-jmaragall-sabadell\/wp-content\/uploads\/usu1082\/2023\/11\/IMG-20231128-WA0002-768x578.jpg 768w, https:\/\/agora.xtec.cat\/esc-jmaragall-sabadell\/wp-content\/uploads\/usu1082\/2023\/11\/IMG-20231128-WA0002-1536x1156.jpg 1536w, https:\/\/agora.xtec.cat\/esc-jmaragall-sabadell\/wp-content\/uploads\/usu1082\/2023\/11\/IMG-20231128-WA0002-200x150.jpg 200w, https:\/\/agora.xtec.cat\/esc-jmaragall-sabadell\/wp-content\/uploads\/usu1082\/2023\/11\/IMG-20231128-WA0002.jpg 1600w\" sizes=\"auto, (max-width: 469px) 100vw, 469px\" \/><\/a><\/p>\n","protected":false},"excerpt":{"rendered":"<p>A medi els nens i nenes de 2n hem treballat el tema dels materials. Hem apr\u00e8s de quin material estan fets els diferents objectes i tamb\u00e9 hem parlat del reciclatge. A l&#8217;aula hem fet un moneder reciclant un env\u00e0s de llet que hem portat de&hellip;  <a href=\"https:\/\/agora.xtec.cat\/esc-jmaragall-sabadell\/general\/reciclem\/\" title=\"Read RECICLEM !!\">Llegeix m\u00e9s\u00bb<\/a><\/p>\n","protected":false},"author":20,"featured_media":0,"comment_status":"open","ping_status":"closed","sticky":false,"template":"","format":"standard","meta":{"_bbp_topic_count":0,"_bbp_reply_count":0,"_bbp_total_topic_count":0,"_bbp_total_reply_count":0,"_bbp_voice_count":0,"_bbp_anonymous_reply_count":0,"_bbp_topic_count_hidden":0,"_bbp_reply_count_hidden":0,"_bbp_forum_subforum_count":0,"footnotes":""},"categories":[219,1,4,5],"tags":[],"class_list":["post-6555","post","type-post","status-publish","format-standard","hentry","category-219","category-general","category-portada","category-primaria"],"post_mailing_queue_ids":[],"_links":{"self":[{"href":"https:\/\/agora.xtec.cat\/esc-jmaragall-sabadell\/wp-json\/wp\/v2\/posts\/6555","targetHints":{"allow":["GET"]}}],"collection":[{"href":"https:\/\/agora.xtec.cat\/esc-jmaragall-sabadell\/wp-json\/wp\/v2\/posts"}],"about":[{"href":"https:\/\/agora.xtec.cat\/esc-jmaragall-sabadell\/wp-json\/wp\/v2\/types\/post"}],"author":[{"embeddable":true,"href":"https:\/\/agora.xtec.cat\/esc-jmaragall-sabadell\/wp-json\/wp\/v2\/users\/20"}],"replies":[{"embeddable":true,"href":"https:\/\/agora.xtec.cat\/esc-jmaragall-sabadell\/wp-json\/wp\/v2\/comments?post=6555"}],"version-history":[{"count":1,"href":"https:\/\/agora.xtec.cat\/esc-jmaragall-sabadell\/wp-json\/wp\/v2\/posts\/6555\/revisions"}],"predecessor-version":[{"id":6559,"href":"https:\/\/agora.xtec.cat\/esc-jmaragall-sabadell\/wp-json\/wp\/v2\/posts\/6555\/revisions\/6559"}],"wp:attachment":[{"href":"https:\/\/agora.xtec.cat\/esc-jmaragall-sabadell\/wp-json\/wp\/v2\/media?parent=6555"}],"wp:term":[{"taxonomy":"category","embeddable":true,"href":"https:\/\/agora.xtec.cat\/esc-jmaragall-sabadell\/wp-json\/wp\/v2\/categories?post=6555"},{"taxonomy":"post_tag","embeddable":true,"href":"https:\/\/agora.xtec.cat\/esc-jmaragall-sabadell\/wp-json\/wp\/v2\/tags?post=6555"}],"curies":[{"name":"wp","href":"https:\/\/api.w.org\/{rel}","templated":true}]}}