{"id":6371,"date":"2023-10-16T13:59:47","date_gmt":"2023-10-16T11:59:47","guid":{"rendered":"https:\/\/agora.xtec.cat\/esc-jmaragall-sabadell\/?p=6371"},"modified":"2023-11-14T11:22:35","modified_gmt":"2023-11-14T10:22:35","slug":"preparem-les-nostres-olives","status":"publish","type":"post","link":"https:\/\/agora.xtec.cat\/esc-jmaragall-sabadell\/general\/preparem-les-nostres-olives\/","title":{"rendered":"Preparem les nostres olives!"},"content":{"rendered":"<p>L&#8217;\u00faltima setmana de setembre els nens i nenes de 1r amb l&#8217;ajuda de l&#8217;alumnat de 6\u00e8 vam sortir al pati de l&#8217;escola per recollir les olives de la nostra olivera.<\/p>\n<p>Despr\u00e9s de dues setmanes rentant-les amb aigua, les hem ficat als pots de vidre amb herbes arom\u00e0tiques, sal, aigua i un rajol\u00ed d&#8217;oli per fer la conserva. Ara hem d&#8217;esperar uns 3 mesos per poder menjar-les.<\/p>\n<p><a href=\"https:\/\/agora.xtec.cat\/esc-jmaragall-sabadell\/wp-content\/uploads\/usu1082\/2023\/10\/IMG-20230922-WA0054.jpg\"><img loading=\"lazy\" decoding=\"async\" class=\"wp-image-6383 alignleft\" src=\"https:\/\/agora.xtec.cat\/esc-jmaragall-sabadell\/wp-content\/uploads\/usu1082\/2023\/10\/IMG-20230922-WA0054-768x1024.jpg\" alt=\"\" width=\"238\" height=\"317\" srcset=\"https:\/\/agora.xtec.cat\/esc-jmaragall-sabadell\/wp-content\/uploads\/usu1082\/2023\/10\/IMG-20230922-WA0054-768x1024.jpg 768w, https:\/\/agora.xtec.cat\/esc-jmaragall-sabadell\/wp-content\/uploads\/usu1082\/2023\/10\/IMG-20230922-WA0054-225x300.jpg 225w, https:\/\/agora.xtec.cat\/esc-jmaragall-sabadell\/wp-content\/uploads\/usu1082\/2023\/10\/IMG-20230922-WA0054-1152x1536.jpg 1152w, https:\/\/agora.xtec.cat\/esc-jmaragall-sabadell\/wp-content\/uploads\/usu1082\/2023\/10\/IMG-20230922-WA0054.jpg 1536w\" sizes=\"auto, (max-width: 238px) 100vw, 238px\" \/><\/a><\/p>\n<p>&nbsp;<\/p>\n<p><a href=\"https:\/\/agora.xtec.cat\/esc-jmaragall-sabadell\/wp-content\/uploads\/usu1082\/2023\/10\/IMG-20230922-WA0042.jpg\"><img loading=\"lazy\" decoding=\"async\" class=\"wp-image-6381 alignleft\" src=\"https:\/\/agora.xtec.cat\/esc-jmaragall-sabadell\/wp-content\/uploads\/usu1082\/2023\/10\/IMG-20230922-WA0042.jpg\" alt=\"\" width=\"379\" height=\"284\" srcset=\"https:\/\/agora.xtec.cat\/esc-jmaragall-sabadell\/wp-content\/uploads\/usu1082\/2023\/10\/IMG-20230922-WA0042.jpg 1024w, https:\/\/agora.xtec.cat\/esc-jmaragall-sabadell\/wp-content\/uploads\/usu1082\/2023\/10\/IMG-20230922-WA0042-300x225.jpg 300w, https:\/\/agora.xtec.cat\/esc-jmaragall-sabadell\/wp-content\/uploads\/usu1082\/2023\/10\/IMG-20230922-WA0042-768x576.jpg 768w, https:\/\/agora.xtec.cat\/esc-jmaragall-sabadell\/wp-content\/uploads\/usu1082\/2023\/10\/IMG-20230922-WA0042-200x150.jpg 200w\" sizes=\"auto, (max-width: 379px) 100vw, 379px\" \/><\/a><\/p>\n<p><a href=\"https:\/\/agora.xtec.cat\/esc-jmaragall-sabadell\/wp-content\/uploads\/usu1082\/2023\/10\/IMG-20230922-WA0037.jpg\"><img loading=\"lazy\" decoding=\"async\" class=\"wp-image-6376 alignleft\" src=\"https:\/\/agora.xtec.cat\/esc-jmaragall-sabadell\/wp-content\/uploads\/usu1082\/2023\/10\/IMG-20230922-WA0037.jpg\" alt=\"\" width=\"219\" height=\"292\" srcset=\"https:\/\/agora.xtec.cat\/esc-jmaragall-sabadell\/wp-content\/uploads\/usu1082\/2023\/10\/IMG-20230922-WA0037.jpg 768w, https:\/\/agora.xtec.cat\/esc-jmaragall-sabadell\/wp-content\/uploads\/usu1082\/2023\/10\/IMG-20230922-WA0037-225x300.jpg 225w\" sizes=\"auto, (max-width: 219px) 100vw, 219px\" \/><\/a><\/p>\n<p data-wp-editing=\"1\"><a href=\"https:\/\/agora.xtec.cat\/esc-jmaragall-sabadell\/wp-content\/uploads\/usu1082\/2023\/10\/1697455344453.jpg\"><img loading=\"lazy\" decoding=\"async\" class=\"wp-image-6378 alignleft\" src=\"https:\/\/agora.xtec.cat\/esc-jmaragall-sabadell\/wp-content\/uploads\/usu1082\/2023\/10\/1697455344453-768x1024.jpg\" alt=\"\" width=\"240\" height=\"320\" srcset=\"https:\/\/agora.xtec.cat\/esc-jmaragall-sabadell\/wp-content\/uploads\/usu1082\/2023\/10\/1697455344453-768x1024.jpg 768w, https:\/\/agora.xtec.cat\/esc-jmaragall-sabadell\/wp-content\/uploads\/usu1082\/2023\/10\/1697455344453-225x300.jpg 225w, https:\/\/agora.xtec.cat\/esc-jmaragall-sabadell\/wp-content\/uploads\/usu1082\/2023\/10\/1697455344453-1152x1536.jpg 1152w, https:\/\/agora.xtec.cat\/esc-jmaragall-sabadell\/wp-content\/uploads\/usu1082\/2023\/10\/1697455344453.jpg 1536w\" sizes=\"auto, (max-width: 240px) 100vw, 240px\" \/><\/a><a href=\"https:\/\/agora.xtec.cat\/esc-jmaragall-sabadell\/wp-content\/uploads\/usu1082\/2023\/10\/IMG-20230922-WA0057.jpg\"><img loading=\"lazy\" decoding=\"async\" class=\"wp-image-6382 alignnone\" src=\"https:\/\/agora.xtec.cat\/esc-jmaragall-sabadell\/wp-content\/uploads\/usu1082\/2023\/10\/IMG-20230922-WA0057-1024x768.jpg\" alt=\"\" width=\"359\" height=\"269\" srcset=\"https:\/\/agora.xtec.cat\/esc-jmaragall-sabadell\/wp-content\/uploads\/usu1082\/2023\/10\/IMG-20230922-WA0057-1024x768.jpg 1024w, https:\/\/agora.xtec.cat\/esc-jmaragall-sabadell\/wp-content\/uploads\/usu1082\/2023\/10\/IMG-20230922-WA0057-300x225.jpg 300w, https:\/\/agora.xtec.cat\/esc-jmaragall-sabadell\/wp-content\/uploads\/usu1082\/2023\/10\/IMG-20230922-WA0057-768x576.jpg 768w, https:\/\/agora.xtec.cat\/esc-jmaragall-sabadell\/wp-content\/uploads\/usu1082\/2023\/10\/IMG-20230922-WA0057-1536x1152.jpg 1536w, https:\/\/agora.xtec.cat\/esc-jmaragall-sabadell\/wp-content\/uploads\/usu1082\/2023\/10\/IMG-20230922-WA0057-200x150.jpg 200w, https:\/\/agora.xtec.cat\/esc-jmaragall-sabadell\/wp-content\/uploads\/usu1082\/2023\/10\/IMG-20230922-WA0057.jpg 2048w\" sizes=\"auto, (max-width: 359px) 100vw, 359px\" \/><\/a><a href=\"https:\/\/agora.xtec.cat\/esc-jmaragall-sabadell\/wp-content\/uploads\/usu1082\/2023\/10\/1697455344412-1.jpg\"><img loading=\"lazy\" decoding=\"async\" class=\"wp-image-6375 alignright\" src=\"https:\/\/agora.xtec.cat\/esc-jmaragall-sabadell\/wp-content\/uploads\/usu1082\/2023\/10\/1697455344412-1-768x1024.jpg\" alt=\"\" width=\"235\" height=\"313\" srcset=\"https:\/\/agora.xtec.cat\/esc-jmaragall-sabadell\/wp-content\/uploads\/usu1082\/2023\/10\/1697455344412-1-768x1024.jpg 768w, https:\/\/agora.xtec.cat\/esc-jmaragall-sabadell\/wp-content\/uploads\/usu1082\/2023\/10\/1697455344412-1-225x300.jpg 225w, https:\/\/agora.xtec.cat\/esc-jmaragall-sabadell\/wp-content\/uploads\/usu1082\/2023\/10\/1697455344412-1-1152x1536.jpg 1152w, https:\/\/agora.xtec.cat\/esc-jmaragall-sabadell\/wp-content\/uploads\/usu1082\/2023\/10\/1697455344412-1.jpg 1536w\" sizes=\"auto, (max-width: 235px) 100vw, 235px\" \/><\/a><a href=\"https:\/\/agora.xtec.cat\/esc-jmaragall-sabadell\/wp-content\/uploads\/usu1082\/2023\/10\/1697455344371.jpg\"><img loading=\"lazy\" decoding=\"async\" class=\" wp-image-6379 alignleft\" src=\"https:\/\/agora.xtec.cat\/esc-jmaragall-sabadell\/wp-content\/uploads\/usu1082\/2023\/10\/1697455344371-1024x768.jpg\" alt=\"\" width=\"499\" height=\"374\" srcset=\"https:\/\/agora.xtec.cat\/esc-jmaragall-sabadell\/wp-content\/uploads\/usu1082\/2023\/10\/1697455344371-1024x768.jpg 1024w, https:\/\/agora.xtec.cat\/esc-jmaragall-sabadell\/wp-content\/uploads\/usu1082\/2023\/10\/1697455344371-300x225.jpg 300w, https:\/\/agora.xtec.cat\/esc-jmaragall-sabadell\/wp-content\/uploads\/usu1082\/2023\/10\/1697455344371-768x576.jpg 768w, https:\/\/agora.xtec.cat\/esc-jmaragall-sabadell\/wp-content\/uploads\/usu1082\/2023\/10\/1697455344371-1536x1152.jpg 1536w, https:\/\/agora.xtec.cat\/esc-jmaragall-sabadell\/wp-content\/uploads\/usu1082\/2023\/10\/1697455344371-200x150.jpg 200w, https:\/\/agora.xtec.cat\/esc-jmaragall-sabadell\/wp-content\/uploads\/usu1082\/2023\/10\/1697455344371.jpg 2048w\" sizes=\"auto, (max-width: 499px) 100vw, 499px\" \/><\/a><\/p>\n<p>&nbsp;<\/p>\n","protected":false},"excerpt":{"rendered":"<p>L&#8217;\u00faltima setmana de setembre els nens i nenes de 1r amb l&#8217;ajuda de l&#8217;alumnat de 6\u00e8 vam sortir al pati de l&#8217;escola per recollir les olives de la nostra olivera.<br \/>\nDespr\u00e9s de dues setmanes rentant-les amb aigua, les hem ficat als pots de vidre amb herbes&hellip;  <a href=\"https:\/\/agora.xtec.cat\/esc-jmaragall-sabadell\/general\/preparem-les-nostres-olives\/\" title=\"Read Preparem les nostres olives!\">Llegeix m\u00e9s\u00bb<\/a><\/p>\n","protected":false},"author":99,"featured_media":0,"comment_status":"open","ping_status":"closed","sticky":false,"template":"","format":"standard","meta":{"_bbp_topic_count":0,"_bbp_reply_count":0,"_bbp_total_topic_count":0,"_bbp_total_reply_count":0,"_bbp_voice_count":0,"_bbp_anonymous_reply_count":0,"_bbp_topic_count_hidden":0,"_bbp_reply_count_hidden":0,"_bbp_forum_subforum_count":0,"footnotes":""},"categories":[245,1,5],"tags":[],"class_list":["post-6371","post","type-post","status-publish","format-standard","hentry","category-245","category-general","category-primaria"],"post_mailing_queue_ids":[],"_links":{"self":[{"href":"https:\/\/agora.xtec.cat\/esc-jmaragall-sabadell\/wp-json\/wp\/v2\/posts\/6371","targetHints":{"allow":["GET"]}}],"collection":[{"href":"https:\/\/agora.xtec.cat\/esc-jmaragall-sabadell\/wp-json\/wp\/v2\/posts"}],"about":[{"href":"https:\/\/agora.xtec.cat\/esc-jmaragall-sabadell\/wp-json\/wp\/v2\/types\/post"}],"author":[{"embeddable":true,"href":"https:\/\/agora.xtec.cat\/esc-jmaragall-sabadell\/wp-json\/wp\/v2\/users\/99"}],"replies":[{"embeddable":true,"href":"https:\/\/agora.xtec.cat\/esc-jmaragall-sabadell\/wp-json\/wp\/v2\/comments?post=6371"}],"version-history":[{"count":2,"href":"https:\/\/agora.xtec.cat\/esc-jmaragall-sabadell\/wp-json\/wp\/v2\/posts\/6371\/revisions"}],"predecessor-version":[{"id":6385,"href":"https:\/\/agora.xtec.cat\/esc-jmaragall-sabadell\/wp-json\/wp\/v2\/posts\/6371\/revisions\/6385"}],"wp:attachment":[{"href":"https:\/\/agora.xtec.cat\/esc-jmaragall-sabadell\/wp-json\/wp\/v2\/media?parent=6371"}],"wp:term":[{"taxonomy":"category","embeddable":true,"href":"https:\/\/agora.xtec.cat\/esc-jmaragall-sabadell\/wp-json\/wp\/v2\/categories?post=6371"},{"taxonomy":"post_tag","embeddable":true,"href":"https:\/\/agora.xtec.cat\/esc-jmaragall-sabadell\/wp-json\/wp\/v2\/tags?post=6371"}],"curies":[{"name":"wp","href":"https:\/\/api.w.org\/{rel}","templated":true}]}}