{"id":6347,"date":"2023-09-15T12:21:59","date_gmt":"2023-09-15T10:21:59","guid":{"rendered":"https:\/\/agora.xtec.cat\/esc-jmaragall-sabadell\/?p=6347"},"modified":"2023-09-15T12:22:46","modified_gmt":"2023-09-15T10:22:46","slug":"activitat-extraescolars-angles","status":"publish","type":"post","link":"https:\/\/agora.xtec.cat\/esc-jmaragall-sabadell\/general\/activitat-extraescolars-angles\/","title":{"rendered":"Activitat extraescolar: ANGL\u00c8S"},"content":{"rendered":"<p><em><strong>HORARI:<\/strong><\/em><\/p>\n<ul>\n<li><em><strong>Dilluns (1r-4t)<\/strong><\/em><\/li>\n<li><em><strong>Dilluns i dimecres (5\u00e8-6\u00e8)<\/strong><\/em><\/li>\n<\/ul>\n<p>L\u2019activitat ofereix la possibilitat d\u2019aprendre la llengua anglesa a trav\u00e9s de la creativitat i la interacci\u00f3. Totes les activitats programades s\u00f3n de car\u00e0cter l\u00fadic i integren un contingut ling\u00fc\u00edstic d\u2019aprenentatge que es desenvolupa pautadament a trav\u00e9s de cadascuna d\u2019elles. Aix\u00ed doncs, podem dir que l\u2019angl\u00e8s, en tots els seus aspectes, \u00e9s sempre present i que, per tant, els participants es troben en un proc\u00e9s d\u2019aprenentatge constant.<\/p>\n<p><a href=\"https:\/\/agora.xtec.cat\/esc-jmaragall-sabadell\/wp-content\/uploads\/usu1082\/2023\/09\/Angles-min.png\"><img loading=\"lazy\" decoding=\"async\" class=\"alignnone size-large wp-image-6343\" src=\"https:\/\/agora.xtec.cat\/esc-jmaragall-sabadell\/wp-content\/uploads\/usu1082\/2023\/09\/Angles-min-724x1024.png\" alt=\"\" width=\"724\" height=\"1024\" srcset=\"https:\/\/agora.xtec.cat\/esc-jmaragall-sabadell\/wp-content\/uploads\/usu1082\/2023\/09\/Angles-min-724x1024.png 724w, https:\/\/agora.xtec.cat\/esc-jmaragall-sabadell\/wp-content\/uploads\/usu1082\/2023\/09\/Angles-min-212x300.png 212w, https:\/\/agora.xtec.cat\/esc-jmaragall-sabadell\/wp-content\/uploads\/usu1082\/2023\/09\/Angles-min-768x1086.png 768w, https:\/\/agora.xtec.cat\/esc-jmaragall-sabadell\/wp-content\/uploads\/usu1082\/2023\/09\/Angles-min-1086x1536.png 1086w, https:\/\/agora.xtec.cat\/esc-jmaragall-sabadell\/wp-content\/uploads\/usu1082\/2023\/09\/Angles-min-1448x2048.png 1448w, https:\/\/agora.xtec.cat\/esc-jmaragall-sabadell\/wp-content\/uploads\/usu1082\/2023\/09\/Angles-min.png 1587w\" sizes=\"auto, (max-width: 724px) 100vw, 724px\" \/><\/a><\/p>\n","protected":false},"excerpt":{"rendered":"<p>HORARI:<\/p>\n<ul>\n<li>Dilluns (1r-4t)<\/li>\n<li>Dilluns i dimecres (5\u00e8-6\u00e8)<\/li>\n<\/ul>\n<p>L\u2019activitat ofereix la possibilitat d\u2019aprendre la llengua anglesa a trav\u00e9s de la creativitat i la interacci\u00f3. Totes les activitats programades s\u00f3n de car\u00e0cter l\u00fadic i integren un contingut ling\u00fc\u00edstic d\u2019aprenentatge que es desenvolupa pautadament a trav\u00e9s de cadascuna d\u2019elles. Aix\u00ed doncs,&hellip;  <a href=\"https:\/\/agora.xtec.cat\/esc-jmaragall-sabadell\/general\/activitat-extraescolars-angles\/\" title=\"Read Activitat extraescolar: ANGL\u00c8S\">Llegeix m\u00e9s\u00bb<\/a><\/p>\n","protected":false},"author":68,"featured_media":6343,"comment_status":"open","ping_status":"closed","sticky":false,"template":"","format":"standard","meta":{"_bbp_topic_count":0,"_bbp_reply_count":0,"_bbp_total_topic_count":0,"_bbp_total_reply_count":0,"_bbp_voice_count":0,"_bbp_anonymous_reply_count":0,"_bbp_topic_count_hidden":0,"_bbp_reply_count_hidden":0,"_bbp_forum_subforum_count":0,"footnotes":""},"categories":[219,190,120,3,8,7,130,1,4,5,9,55],"tags":[],"class_list":["post-6347","post","type-post","status-publish","format-standard","has-post-thumbnail","hentry","category-219","category-190","category-120","category-3","category-8","category-afa","category-angles","category-general","category-portada","category-primaria","category-1423a","category-1423b"],"post_mailing_queue_ids":[],"_links":{"self":[{"href":"https:\/\/agora.xtec.cat\/esc-jmaragall-sabadell\/wp-json\/wp\/v2\/posts\/6347","targetHints":{"allow":["GET"]}}],"collection":[{"href":"https:\/\/agora.xtec.cat\/esc-jmaragall-sabadell\/wp-json\/wp\/v2\/posts"}],"about":[{"href":"https:\/\/agora.xtec.cat\/esc-jmaragall-sabadell\/wp-json\/wp\/v2\/types\/post"}],"author":[{"embeddable":true,"href":"https:\/\/agora.xtec.cat\/esc-jmaragall-sabadell\/wp-json\/wp\/v2\/users\/68"}],"replies":[{"embeddable":true,"href":"https:\/\/agora.xtec.cat\/esc-jmaragall-sabadell\/wp-json\/wp\/v2\/comments?post=6347"}],"version-history":[{"count":2,"href":"https:\/\/agora.xtec.cat\/esc-jmaragall-sabadell\/wp-json\/wp\/v2\/posts\/6347\/revisions"}],"predecessor-version":[{"id":6349,"href":"https:\/\/agora.xtec.cat\/esc-jmaragall-sabadell\/wp-json\/wp\/v2\/posts\/6347\/revisions\/6349"}],"wp:featuredmedia":[{"embeddable":true,"href":"https:\/\/agora.xtec.cat\/esc-jmaragall-sabadell\/wp-json\/wp\/v2\/media\/6343"}],"wp:attachment":[{"href":"https:\/\/agora.xtec.cat\/esc-jmaragall-sabadell\/wp-json\/wp\/v2\/media?parent=6347"}],"wp:term":[{"taxonomy":"category","embeddable":true,"href":"https:\/\/agora.xtec.cat\/esc-jmaragall-sabadell\/wp-json\/wp\/v2\/categories?post=6347"},{"taxonomy":"post_tag","embeddable":true,"href":"https:\/\/agora.xtec.cat\/esc-jmaragall-sabadell\/wp-json\/wp\/v2\/tags?post=6347"}],"curies":[{"name":"wp","href":"https:\/\/api.w.org\/{rel}","templated":true}]}}