{"id":6341,"date":"2023-09-15T12:17:45","date_gmt":"2023-09-15T10:17:45","guid":{"rendered":"https:\/\/agora.xtec.cat\/esc-jmaragall-sabadell\/?p=6341"},"modified":"2023-11-14T11:24:05","modified_gmt":"2023-11-14T10:24:05","slug":"activitats-extraescolars-curs-2023-2024-basquet","status":"publish","type":"post","link":"https:\/\/agora.xtec.cat\/esc-jmaragall-sabadell\/general\/activitats-extraescolars-curs-2023-2024-basquet\/","title":{"rendered":"Activitat Extraescolar: B\u00c0SQUET"},"content":{"rendered":"<p>Vine a descobrir la m\u00e0gia del <strong>b\u00e0squet!<\/strong><\/p>\n<p><span style=\"font-family: inherit; font-size: 1em;\">On l&#8217;objectiu principal \u00e9s <\/span><strong style=\"font-family: inherit; font-size: 1em;\">jugar, riure, passar-s&#8217;ho b\u00e9<\/strong><span style=\"font-family: inherit; font-size: 1em;\">\u00a0i fer-ho sempre\u00a0<\/span><strong style=\"font-family: inherit; font-size: 1em;\">amb una pilota a les mans.<\/strong><\/p>\n<div class=\"sixteen columns \">\n<div class=\"bkp-frame-wrapper\">\n<div class=\"bkp-frame p20\">\n<p>Amb els\/les m\u00e9s petits\/es\u00a0 s\u2019introdueixen din\u00e0miques d&#8217;entrenament a trav\u00e9s de jocs divertits. Aix\u00f2 ens permet assegurar que les nenes i els nens gaudeixin de l&#8217;experi\u00e8ncia mentre comencen a relacionar-se amb el m\u00f3n del b\u00e0squet i el joc d&#8217;equip.<\/p>\n<\/div>\n<\/div>\n<\/div>\n<p><span style=\"font-family: inherit; font-size: 1em;\">Per als m\u00e9s grans de l&#8217;escola la metodologia es basa en treballar aspectes m\u00e9s t\u00e8cnics del joc, <\/span><strong style=\"font-family: inherit; font-size: 1em;\">habilitats individuals<\/strong><span style=\"font-family: inherit; font-size: 1em;\">\u00a0amb la pilota i\u00a0<\/span><strong style=\"font-family: inherit; font-size: 1em;\">h\u00e0bits d&#8217;entrenaments saludables. <\/strong><span style=\"font-family: inherit; font-size: 1em;\">El principal objectiu \u00e9s que les nenes i els nens comencin a entendre les normes del joc i\u00a0<\/span><strong style=\"font-family: inherit; font-size: 1em;\">que gaudeixin jugant en equip.<\/strong><\/p>\n<div class=\"sixteen columns \">\n<div class=\"divider\">\n<p><a href=\"https:\/\/agora.xtec.cat\/esc-jmaragall-sabadell\/wp-content\/uploads\/usu1082\/2023\/09\/Basquet-min.png\"><img loading=\"lazy\" decoding=\"async\" class=\"alignnone size-large wp-image-6342\" src=\"https:\/\/agora.xtec.cat\/esc-jmaragall-sabadell\/wp-content\/uploads\/usu1082\/2023\/09\/Basquet-min-724x1024.png\" alt=\"\" width=\"724\" height=\"1024\" srcset=\"https:\/\/agora.xtec.cat\/esc-jmaragall-sabadell\/wp-content\/uploads\/usu1082\/2023\/09\/Basquet-min-724x1024.png 724w, https:\/\/agora.xtec.cat\/esc-jmaragall-sabadell\/wp-content\/uploads\/usu1082\/2023\/09\/Basquet-min-212x300.png 212w, https:\/\/agora.xtec.cat\/esc-jmaragall-sabadell\/wp-content\/uploads\/usu1082\/2023\/09\/Basquet-min-768x1086.png 768w, https:\/\/agora.xtec.cat\/esc-jmaragall-sabadell\/wp-content\/uploads\/usu1082\/2023\/09\/Basquet-min-1086x1536.png 1086w, https:\/\/agora.xtec.cat\/esc-jmaragall-sabadell\/wp-content\/uploads\/usu1082\/2023\/09\/Basquet-min-1448x2048.png 1448w, https:\/\/agora.xtec.cat\/esc-jmaragall-sabadell\/wp-content\/uploads\/usu1082\/2023\/09\/Basquet-min.png 1587w\" sizes=\"auto, (max-width: 724px) 100vw, 724px\" \/><\/a><\/p>\n<\/div>\n<\/div>\n<p>&nbsp;<\/p>\n<div class=\"sixteen columns \">\n<div class=\"bkp-frame-wrapper\">\n<div class=\"bkp-frame p20\">\n<h3><\/h3>\n<\/div>\n<\/div>\n<\/div>\n","protected":false},"excerpt":{"rendered":"<p>Vine a descobrir la m\u00e0gia del b\u00e0squet!<br \/>\nOn l&#8217;objectiu principal \u00e9s jugar, riure, passar-s&#8217;ho b\u00e9\u00a0i fer-ho sempre\u00a0amb una pilota a les mans.<\/p>\n<p>Amb els\/les m\u00e9s petits\/es\u00a0 s\u2019introdueixen din\u00e0miques d&#8217;entrenament a trav\u00e9s de jocs divertits. Aix\u00f2 ens permet assegurar que les nenes i els nens gaudeixin de l&#8217;experi\u00e8ncia&hellip;  <a href=\"https:\/\/agora.xtec.cat\/esc-jmaragall-sabadell\/general\/activitats-extraescolars-curs-2023-2024-basquet\/\" title=\"Read Activitat Extraescolar: B\u00c0SQUET\">Llegeix m\u00e9s\u00bb<\/a><\/p>\n","protected":false},"author":68,"featured_media":6342,"comment_status":"open","ping_status":"closed","sticky":false,"template":"","format":"standard","meta":{"_bbp_topic_count":0,"_bbp_reply_count":0,"_bbp_total_topic_count":0,"_bbp_total_reply_count":0,"_bbp_voice_count":0,"_bbp_anonymous_reply_count":0,"_bbp_topic_count_hidden":0,"_bbp_reply_count_hidden":0,"_bbp_forum_subforum_count":0,"footnotes":""},"categories":[245,219,190,120,3,8,7,153,267,92,1,4,5],"tags":[],"class_list":["post-6341","post","type-post","status-publish","format-standard","has-post-thumbnail","hentry","category-245","category-219","category-190","category-120","category-3","category-8","category-afa","category-basket-maragall","category-basquet","category-educacio-fisica","category-general","category-portada","category-primaria"],"post_mailing_queue_ids":[],"_links":{"self":[{"href":"https:\/\/agora.xtec.cat\/esc-jmaragall-sabadell\/wp-json\/wp\/v2\/posts\/6341","targetHints":{"allow":["GET"]}}],"collection":[{"href":"https:\/\/agora.xtec.cat\/esc-jmaragall-sabadell\/wp-json\/wp\/v2\/posts"}],"about":[{"href":"https:\/\/agora.xtec.cat\/esc-jmaragall-sabadell\/wp-json\/wp\/v2\/types\/post"}],"author":[{"embeddable":true,"href":"https:\/\/agora.xtec.cat\/esc-jmaragall-sabadell\/wp-json\/wp\/v2\/users\/68"}],"replies":[{"embeddable":true,"href":"https:\/\/agora.xtec.cat\/esc-jmaragall-sabadell\/wp-json\/wp\/v2\/comments?post=6341"}],"version-history":[{"count":3,"href":"https:\/\/agora.xtec.cat\/esc-jmaragall-sabadell\/wp-json\/wp\/v2\/posts\/6341\/revisions"}],"predecessor-version":[{"id":6350,"href":"https:\/\/agora.xtec.cat\/esc-jmaragall-sabadell\/wp-json\/wp\/v2\/posts\/6341\/revisions\/6350"}],"wp:featuredmedia":[{"embeddable":true,"href":"https:\/\/agora.xtec.cat\/esc-jmaragall-sabadell\/wp-json\/wp\/v2\/media\/6342"}],"wp:attachment":[{"href":"https:\/\/agora.xtec.cat\/esc-jmaragall-sabadell\/wp-json\/wp\/v2\/media?parent=6341"}],"wp:term":[{"taxonomy":"category","embeddable":true,"href":"https:\/\/agora.xtec.cat\/esc-jmaragall-sabadell\/wp-json\/wp\/v2\/categories?post=6341"},{"taxonomy":"post_tag","embeddable":true,"href":"https:\/\/agora.xtec.cat\/esc-jmaragall-sabadell\/wp-json\/wp\/v2\/tags?post=6341"}],"curies":[{"name":"wp","href":"https:\/\/api.w.org\/{rel}","templated":true}]}}