{"id":6208,"date":"2023-06-02T22:44:40","date_gmt":"2023-06-02T20:44:40","guid":{"rendered":"https:\/\/agora.xtec.cat\/esc-jmaragall-sabadell\/?p=6208"},"modified":"2023-06-02T22:46:38","modified_gmt":"2023-06-02T20:46:38","slug":"les-dones-de-la-musica","status":"publish","type":"post","link":"https:\/\/agora.xtec.cat\/esc-jmaragall-sabadell\/portada\/les-dones-de-la-musica\/","title":{"rendered":"Les dones de la m\u00fasica"},"content":{"rendered":"<p>Amb motiu del dia de la dona, els i les alumnes de 6\u00e8 van fer un treball sobre les dones de la m\u00fasica.<\/p>\n<p>Cada alumne\/a havia d&#8217;escollir una dona d&#8217;una llista que la mestra havia preparat pr\u00e8viament, on hi havia dones actuals i dones que van fer hist\u00f2ria per\u00f2 que no ho hem sabut fins fa ben poc. Sols algunes van tenir la sort de ser conegudes en la seva \u00e8poca tot i que no per les seves qualitats i capacitats compositives si no per ser familiars d&#8217;alg\u00fa fam\u00f3s o cantants (en els temps d&#8217;\u00f2pera), per exemple.<\/p>\n<p>Amb un model de Canva donat tamb\u00e9 per la mestra, l&#8217;alumnat havia de buscar informaci\u00f3 de la dona en q\u00fcesti\u00f3 i tamb\u00e9 alguna pe\u00e7a seva per posar-la en forma de qr.<\/p>\n<p>Aqu\u00ed us deixem un v\u00eddeo de com va quedar l&#8217;exposici\u00f3. Esperem que us agradi.<\/p>\n<p><iframe loading=\"lazy\" title=\"Les dones de la m\u00fasica\" width=\"500\" height=\"281\" src=\"https:\/\/www.youtube.com\/embed\/bigkBXAMtyg?feature=oembed\" frameborder=\"0\" allow=\"accelerometer; autoplay; clipboard-write; encrypted-media; gyroscope; picture-in-picture; web-share\" referrerpolicy=\"strict-origin-when-cross-origin\" allowfullscreen><\/iframe><\/p>\n","protected":false},"excerpt":{"rendered":"<p>Amb motiu del dia de la dona, els i les alumnes de 6\u00e8 van fer un treball sobre les dones de la m\u00fasica.<br \/>\nCada alumne\/a havia d&#8217;escollir una dona d&#8217;una llista que la mestra havia preparat pr\u00e8viament, on hi havia dones actuals i dones que van&hellip;  <a href=\"https:\/\/agora.xtec.cat\/esc-jmaragall-sabadell\/portada\/les-dones-de-la-musica\/\" title=\"Read Les dones de la m\u00fasica\">Llegeix m\u00e9s\u00bb<\/a><\/p>\n","protected":false},"author":11,"featured_media":6209,"comment_status":"open","ping_status":"closed","sticky":false,"template":"","format":"standard","meta":{"_bbp_topic_count":0,"_bbp_reply_count":0,"_bbp_total_topic_count":0,"_bbp_total_reply_count":0,"_bbp_voice_count":0,"_bbp_anonymous_reply_count":0,"_bbp_topic_count_hidden":0,"_bbp_reply_count_hidden":0,"_bbp_forum_subforum_count":0,"footnotes":""},"categories":[61,4,5,9,55],"tags":[82,73,68,187,295,296,294,65,71],"class_list":["post-6208","post","type-post","status-publish","format-standard","has-post-thumbnail","hentry","category-musica","category-portada","category-primaria","category-1423a","category-1423b","tag-6e","tag-canco","tag-cancons","tag-cicle-superior","tag-curs-22-23","tag-exposicio","tag-les-dones-de-la-musica","tag-musica","tag-primaria"],"post_mailing_queue_ids":[],"_links":{"self":[{"href":"https:\/\/agora.xtec.cat\/esc-jmaragall-sabadell\/wp-json\/wp\/v2\/posts\/6208","targetHints":{"allow":["GET"]}}],"collection":[{"href":"https:\/\/agora.xtec.cat\/esc-jmaragall-sabadell\/wp-json\/wp\/v2\/posts"}],"about":[{"href":"https:\/\/agora.xtec.cat\/esc-jmaragall-sabadell\/wp-json\/wp\/v2\/types\/post"}],"author":[{"embeddable":true,"href":"https:\/\/agora.xtec.cat\/esc-jmaragall-sabadell\/wp-json\/wp\/v2\/users\/11"}],"replies":[{"embeddable":true,"href":"https:\/\/agora.xtec.cat\/esc-jmaragall-sabadell\/wp-json\/wp\/v2\/comments?post=6208"}],"version-history":[{"count":2,"href":"https:\/\/agora.xtec.cat\/esc-jmaragall-sabadell\/wp-json\/wp\/v2\/posts\/6208\/revisions"}],"predecessor-version":[{"id":6211,"href":"https:\/\/agora.xtec.cat\/esc-jmaragall-sabadell\/wp-json\/wp\/v2\/posts\/6208\/revisions\/6211"}],"wp:featuredmedia":[{"embeddable":true,"href":"https:\/\/agora.xtec.cat\/esc-jmaragall-sabadell\/wp-json\/wp\/v2\/media\/6209"}],"wp:attachment":[{"href":"https:\/\/agora.xtec.cat\/esc-jmaragall-sabadell\/wp-json\/wp\/v2\/media?parent=6208"}],"wp:term":[{"taxonomy":"category","embeddable":true,"href":"https:\/\/agora.xtec.cat\/esc-jmaragall-sabadell\/wp-json\/wp\/v2\/categories?post=6208"},{"taxonomy":"post_tag","embeddable":true,"href":"https:\/\/agora.xtec.cat\/esc-jmaragall-sabadell\/wp-json\/wp\/v2\/tags?post=6208"}],"curies":[{"name":"wp","href":"https:\/\/api.w.org\/{rel}","templated":true}]}}