{"id":6030,"date":"2023-05-26T09:00:59","date_gmt":"2023-05-26T07:00:59","guid":{"rendered":"https:\/\/agora.xtec.cat\/esc-jmaragall-sabadell\/?p=6030"},"modified":"2023-05-25T23:35:50","modified_gmt":"2023-05-25T21:35:50","slug":"tercer-viatja-a-la-cort-austriaca-a-traves-de-la-dansa","status":"publish","type":"post","link":"https:\/\/agora.xtec.cat\/esc-jmaragall-sabadell\/portada\/tercer-viatja-a-la-cort-austriaca-a-traves-de-la-dansa\/","title":{"rendered":"Tercer viatja a la cort austr\u00edaca a trav\u00e9s de la dansa"},"content":{"rendered":"<p>L&#8217;alumnat de tercer ha estat practicant aquesta dansa popular d&#8217;\u00c0ustria anomenada Spinnradl Zu Dritt.<\/p>\n<p>Mireu, mireu com la ballen.<\/p>\n<p><iframe loading=\"lazy\" title=\"Spinnradl Zu Dritt (\u00c0ustria) Tercer 22 23\" width=\"500\" height=\"281\" src=\"https:\/\/www.youtube.com\/embed\/29wN9krzbFE?feature=oembed\" frameborder=\"0\" allow=\"accelerometer; autoplay; clipboard-write; encrypted-media; gyroscope; picture-in-picture; web-share\" referrerpolicy=\"strict-origin-when-cross-origin\" allowfullscreen><\/iframe><\/p>\n","protected":false},"excerpt":{"rendered":"<p>L&#8217;alumnat de tercer ha estat practicant aquesta dansa popular d&#8217;\u00c0ustria anomenada Spinnradl Zu Dritt.<br \/>\nMireu, mireu com la ballen.<\/p>\n","protected":false},"author":11,"featured_media":0,"comment_status":"open","ping_status":"closed","sticky":false,"template":"","format":"standard","meta":{"_bbp_topic_count":0,"_bbp_reply_count":0,"_bbp_total_topic_count":0,"_bbp_total_reply_count":0,"_bbp_voice_count":0,"_bbp_anonymous_reply_count":0,"_bbp_topic_count_hidden":0,"_bbp_reply_count_hidden":0,"_bbp_forum_subforum_count":0,"footnotes":""},"categories":[120,61,4],"tags":[247,293,263,65],"class_list":["post-6030","post","type-post","status-publish","format-standard","hentry","category-120","category-musica","category-portada","tag-3r","tag-curs-2022-2023","tag-dansa","tag-musica"],"post_mailing_queue_ids":[],"_links":{"self":[{"href":"https:\/\/agora.xtec.cat\/esc-jmaragall-sabadell\/wp-json\/wp\/v2\/posts\/6030","targetHints":{"allow":["GET"]}}],"collection":[{"href":"https:\/\/agora.xtec.cat\/esc-jmaragall-sabadell\/wp-json\/wp\/v2\/posts"}],"about":[{"href":"https:\/\/agora.xtec.cat\/esc-jmaragall-sabadell\/wp-json\/wp\/v2\/types\/post"}],"author":[{"embeddable":true,"href":"https:\/\/agora.xtec.cat\/esc-jmaragall-sabadell\/wp-json\/wp\/v2\/users\/11"}],"replies":[{"embeddable":true,"href":"https:\/\/agora.xtec.cat\/esc-jmaragall-sabadell\/wp-json\/wp\/v2\/comments?post=6030"}],"version-history":[{"count":1,"href":"https:\/\/agora.xtec.cat\/esc-jmaragall-sabadell\/wp-json\/wp\/v2\/posts\/6030\/revisions"}],"predecessor-version":[{"id":6031,"href":"https:\/\/agora.xtec.cat\/esc-jmaragall-sabadell\/wp-json\/wp\/v2\/posts\/6030\/revisions\/6031"}],"wp:attachment":[{"href":"https:\/\/agora.xtec.cat\/esc-jmaragall-sabadell\/wp-json\/wp\/v2\/media?parent=6030"}],"wp:term":[{"taxonomy":"category","embeddable":true,"href":"https:\/\/agora.xtec.cat\/esc-jmaragall-sabadell\/wp-json\/wp\/v2\/categories?post=6030"},{"taxonomy":"post_tag","embeddable":true,"href":"https:\/\/agora.xtec.cat\/esc-jmaragall-sabadell\/wp-json\/wp\/v2\/tags?post=6030"}],"curies":[{"name":"wp","href":"https:\/\/api.w.org\/{rel}","templated":true}]}}