{"id":6028,"date":"2023-05-28T10:52:16","date_gmt":"2023-05-28T08:52:16","guid":{"rendered":"https:\/\/agora.xtec.cat\/esc-jmaragall-sabadell\/?p=6028"},"modified":"2023-05-28T11:03:39","modified_gmt":"2023-05-28T09:03:39","slug":"treballem-els-numeros-a-traves-del-cos","status":"publish","type":"post","link":"https:\/\/agora.xtec.cat\/esc-jmaragall-sabadell\/general\/treballem-els-numeros-a-traves-del-cos\/","title":{"rendered":"Treballem els n\u00fameros a trav\u00e9s del cos"},"content":{"rendered":"<p>Hola fam\u00edlies, els alumnes d&#8217;EI3, la classe de la Morera, hem treballat els n\u00fameros mitjan\u00e7ant el cos. S&#8217;ho han passat molt b\u00e9. Us deixem unes fotos perqu\u00e8 els pogueu veu<iframe loading=\"lazy\" src=\"\/\/www.youtube.com\/embed\/E1z0-St5zh4\" width=\"560\" height=\"314\" allowfullscreen=\"allowfullscreen\"><\/iframe><\/p>\n","protected":false},"excerpt":{"rendered":"<p>Hola fam\u00edlies, els alumnes d&#8217;EI3, la classe de la Morera, hem treballat els n\u00fameros mitjan\u00e7ant el cos. S&#8217;ho han passat molt b\u00e9. Us deixem unes fotos perqu\u00e8 els pogueu veu<\/p>\n","protected":false},"author":6,"featured_media":6079,"comment_status":"open","ping_status":"closed","sticky":false,"template":"","format":"standard","meta":{"_bbp_topic_count":0,"_bbp_reply_count":0,"_bbp_total_topic_count":0,"_bbp_total_reply_count":0,"_bbp_voice_count":0,"_bbp_anonymous_reply_count":0,"_bbp_topic_count_hidden":0,"_bbp_reply_count_hidden":0,"_bbp_forum_subforum_count":0,"footnotes":""},"categories":[1,265,2],"tags":[],"class_list":["post-6028","post","type-post","status-publish","format-standard","has-post-thumbnail","hentry","category-general","category-265","category-infantil"],"post_mailing_queue_ids":[],"_links":{"self":[{"href":"https:\/\/agora.xtec.cat\/esc-jmaragall-sabadell\/wp-json\/wp\/v2\/posts\/6028","targetHints":{"allow":["GET"]}}],"collection":[{"href":"https:\/\/agora.xtec.cat\/esc-jmaragall-sabadell\/wp-json\/wp\/v2\/posts"}],"about":[{"href":"https:\/\/agora.xtec.cat\/esc-jmaragall-sabadell\/wp-json\/wp\/v2\/types\/post"}],"author":[{"embeddable":true,"href":"https:\/\/agora.xtec.cat\/esc-jmaragall-sabadell\/wp-json\/wp\/v2\/users\/6"}],"replies":[{"embeddable":true,"href":"https:\/\/agora.xtec.cat\/esc-jmaragall-sabadell\/wp-json\/wp\/v2\/comments?post=6028"}],"version-history":[{"count":3,"href":"https:\/\/agora.xtec.cat\/esc-jmaragall-sabadell\/wp-json\/wp\/v2\/posts\/6028\/revisions"}],"predecessor-version":[{"id":6081,"href":"https:\/\/agora.xtec.cat\/esc-jmaragall-sabadell\/wp-json\/wp\/v2\/posts\/6028\/revisions\/6081"}],"wp:featuredmedia":[{"embeddable":true,"href":"https:\/\/agora.xtec.cat\/esc-jmaragall-sabadell\/wp-json\/wp\/v2\/media\/6079"}],"wp:attachment":[{"href":"https:\/\/agora.xtec.cat\/esc-jmaragall-sabadell\/wp-json\/wp\/v2\/media?parent=6028"}],"wp:term":[{"taxonomy":"category","embeddable":true,"href":"https:\/\/agora.xtec.cat\/esc-jmaragall-sabadell\/wp-json\/wp\/v2\/categories?post=6028"},{"taxonomy":"post_tag","embeddable":true,"href":"https:\/\/agora.xtec.cat\/esc-jmaragall-sabadell\/wp-json\/wp\/v2\/tags?post=6028"}],"curies":[{"name":"wp","href":"https:\/\/api.w.org\/{rel}","templated":true}]}}