{"id":5887,"date":"2023-04-21T12:20:32","date_gmt":"2023-04-21T10:20:32","guid":{"rendered":"https:\/\/agora.xtec.cat\/esc-jmaragall-sabadell\/?p=5887"},"modified":"2023-04-21T12:20:32","modified_gmt":"2023-04-21T10:20:32","slug":"agafem-forces-pel-final-de-curs","status":"publish","type":"post","link":"https:\/\/agora.xtec.cat\/esc-jmaragall-sabadell\/general\/agafem-forces-pel-final-de-curs\/","title":{"rendered":"Agafem forces pel final de curs!"},"content":{"rendered":"<p align=\"justify\">S\u2019acosta final de curs i la classe de 6<sup>\u00e8<\/sup> A hem aprofitat per fer una sessi\u00f3 de reflexi\u00f3 i relaxaci\u00f3 per agafar forces davant de tots els canvis que viurem d\u2019aqu\u00ed poc. Portem molts anys a l\u2019escola, compartint moments inoblidables. Ara arriba el moment de posar un punt i seguit en les nostres vides i tancar l\u2019etapa al Joan Maragall. Vinga nois i noies, \u00e0nims que ja ens queda poc!<\/p>\n<p align=\"justify\"><a href=\"https:\/\/agora.xtec.cat\/esc-jmaragall-sabadell\/wp-content\/uploads\/usu1082\/2023\/04\/WhatsApp-Image-2023-04-21-at-12.14.28-3.jpeg\"><img loading=\"lazy\" decoding=\"async\" class=\"alignnone size-large wp-image-5888\" src=\"https:\/\/agora.xtec.cat\/esc-jmaragall-sabadell\/wp-content\/uploads\/usu1082\/2023\/04\/WhatsApp-Image-2023-04-21-at-12.14.28-3-1024x768.jpeg\" alt=\"\" width=\"1024\" height=\"768\" srcset=\"https:\/\/agora.xtec.cat\/esc-jmaragall-sabadell\/wp-content\/uploads\/usu1082\/2023\/04\/WhatsApp-Image-2023-04-21-at-12.14.28-3-1024x768.jpeg 1024w, https:\/\/agora.xtec.cat\/esc-jmaragall-sabadell\/wp-content\/uploads\/usu1082\/2023\/04\/WhatsApp-Image-2023-04-21-at-12.14.28-3-300x225.jpeg 300w, https:\/\/agora.xtec.cat\/esc-jmaragall-sabadell\/wp-content\/uploads\/usu1082\/2023\/04\/WhatsApp-Image-2023-04-21-at-12.14.28-3-768x576.jpeg 768w, https:\/\/agora.xtec.cat\/esc-jmaragall-sabadell\/wp-content\/uploads\/usu1082\/2023\/04\/WhatsApp-Image-2023-04-21-at-12.14.28-3-1536x1152.jpeg 1536w, https:\/\/agora.xtec.cat\/esc-jmaragall-sabadell\/wp-content\/uploads\/usu1082\/2023\/04\/WhatsApp-Image-2023-04-21-at-12.14.28-3-200x150.jpeg 200w, https:\/\/agora.xtec.cat\/esc-jmaragall-sabadell\/wp-content\/uploads\/usu1082\/2023\/04\/WhatsApp-Image-2023-04-21-at-12.14.28-3.jpeg 1600w\" sizes=\"auto, (max-width: 1024px) 100vw, 1024px\" \/><\/a><\/p>\n","protected":false},"excerpt":{"rendered":"<p>S\u2019acosta final de curs i la classe de 6\u00e8 A hem aprofitat per fer una sessi\u00f3 de reflexi\u00f3 i relaxaci\u00f3 per agafar forces davant de tots els canvis que viurem d\u2019aqu\u00ed poc. Portem molts anys a l\u2019escola, compartint moments inoblidables. Ara arriba el moment de&hellip;  <a href=\"https:\/\/agora.xtec.cat\/esc-jmaragall-sabadell\/general\/agafem-forces-pel-final-de-curs\/\" title=\"Read Agafem forces pel final de curs!\">Llegeix m\u00e9s\u00bb<\/a><\/p>\n","protected":false},"author":103,"featured_media":5888,"comment_status":"open","ping_status":"closed","sticky":false,"template":"","format":"standard","meta":{"_bbp_topic_count":0,"_bbp_reply_count":0,"_bbp_total_topic_count":0,"_bbp_total_reply_count":0,"_bbp_voice_count":0,"_bbp_anonymous_reply_count":0,"_bbp_topic_count_hidden":0,"_bbp_reply_count_hidden":0,"_bbp_forum_subforum_count":0,"footnotes":""},"categories":[1,4,5,9],"tags":[],"class_list":["post-5887","post","type-post","status-publish","format-standard","has-post-thumbnail","hentry","category-general","category-portada","category-primaria","category-1423a"],"post_mailing_queue_ids":[],"_links":{"self":[{"href":"https:\/\/agora.xtec.cat\/esc-jmaragall-sabadell\/wp-json\/wp\/v2\/posts\/5887","targetHints":{"allow":["GET"]}}],"collection":[{"href":"https:\/\/agora.xtec.cat\/esc-jmaragall-sabadell\/wp-json\/wp\/v2\/posts"}],"about":[{"href":"https:\/\/agora.xtec.cat\/esc-jmaragall-sabadell\/wp-json\/wp\/v2\/types\/post"}],"author":[{"embeddable":true,"href":"https:\/\/agora.xtec.cat\/esc-jmaragall-sabadell\/wp-json\/wp\/v2\/users\/103"}],"replies":[{"embeddable":true,"href":"https:\/\/agora.xtec.cat\/esc-jmaragall-sabadell\/wp-json\/wp\/v2\/comments?post=5887"}],"version-history":[{"count":1,"href":"https:\/\/agora.xtec.cat\/esc-jmaragall-sabadell\/wp-json\/wp\/v2\/posts\/5887\/revisions"}],"predecessor-version":[{"id":5889,"href":"https:\/\/agora.xtec.cat\/esc-jmaragall-sabadell\/wp-json\/wp\/v2\/posts\/5887\/revisions\/5889"}],"wp:featuredmedia":[{"embeddable":true,"href":"https:\/\/agora.xtec.cat\/esc-jmaragall-sabadell\/wp-json\/wp\/v2\/media\/5888"}],"wp:attachment":[{"href":"https:\/\/agora.xtec.cat\/esc-jmaragall-sabadell\/wp-json\/wp\/v2\/media?parent=5887"}],"wp:term":[{"taxonomy":"category","embeddable":true,"href":"https:\/\/agora.xtec.cat\/esc-jmaragall-sabadell\/wp-json\/wp\/v2\/categories?post=5887"},{"taxonomy":"post_tag","embeddable":true,"href":"https:\/\/agora.xtec.cat\/esc-jmaragall-sabadell\/wp-json\/wp\/v2\/tags?post=5887"}],"curies":[{"name":"wp","href":"https:\/\/api.w.org\/{rel}","templated":true}]}}