{"id":5837,"date":"2023-04-19T13:40:45","date_gmt":"2023-04-19T11:40:45","guid":{"rendered":"https:\/\/agora.xtec.cat\/esc-jmaragall-sabadell\/?p=5837"},"modified":"2023-04-19T13:40:45","modified_gmt":"2023-04-19T11:40:45","slug":"galla-solidaria-mes-somriures","status":"publish","type":"post","link":"https:\/\/agora.xtec.cat\/esc-jmaragall-sabadell\/portada\/galla-solidaria-mes-somriures\/","title":{"rendered":"Gal\u00b7la Solid\u00e0ria M\u00e9s Somriures"},"content":{"rendered":"<p>Hola fam\u00edlies!<\/p>\n<p>Els nens i nenes de 3r i de 5\u00e8 hem participat a la Gal\u00b7la Solid\u00e0ria &#8220;M\u00e9s Somriures&#8221;. L&#8217;objectiu era recollir diners perqu\u00e8 tots els infants de Sabadell tinguessin les mateixes oportunitats per poder fer sortides i col\u00f2nies. En aquesta Gal\u00b7la hem participat cantant dues can\u00e7ons que caracteritzen la nostra escola: &#8220;Joan Maragall&#8221; i &#8220;El Planeta Terra&#8221;. Cal destacar que aquesta \u00faltima can\u00e7\u00f3 la va composar una mestra molt estimada de l&#8217;escola i que ens va acompanyar tocant la guitarra al concert, la Mito.<\/p>\n<p><a href=\"https:\/\/agora.xtec.cat\/esc-jmaragall-sabadell\/wp-content\/uploads\/usu1082\/2023\/04\/WhatsApp-Image-2023-04-19-at-13.07.42-1.jpeg\"><img loading=\"lazy\" decoding=\"async\" class=\"alignnone  wp-image-5849\" src=\"https:\/\/agora.xtec.cat\/esc-jmaragall-sabadell\/wp-content\/uploads\/usu1082\/2023\/04\/WhatsApp-Image-2023-04-19-at-13.07.42-1.jpeg\" alt=\"\" width=\"364\" height=\"273\" srcset=\"https:\/\/agora.xtec.cat\/esc-jmaragall-sabadell\/wp-content\/uploads\/usu1082\/2023\/04\/WhatsApp-Image-2023-04-19-at-13.07.42-1.jpeg 591w, https:\/\/agora.xtec.cat\/esc-jmaragall-sabadell\/wp-content\/uploads\/usu1082\/2023\/04\/WhatsApp-Image-2023-04-19-at-13.07.42-1-300x225.jpeg 300w, https:\/\/agora.xtec.cat\/esc-jmaragall-sabadell\/wp-content\/uploads\/usu1082\/2023\/04\/WhatsApp-Image-2023-04-19-at-13.07.42-1-200x150.jpeg 200w\" sizes=\"auto, (max-width: 364px) 100vw, 364px\" \/><\/a> <a href=\"https:\/\/agora.xtec.cat\/esc-jmaragall-sabadell\/wp-content\/uploads\/usu1082\/2023\/04\/WhatsApp-Image-2023-04-19-at-13.07.42-2.jpeg\"><img loading=\"lazy\" decoding=\"async\" class=\"alignnone  wp-image-5850\" src=\"https:\/\/agora.xtec.cat\/esc-jmaragall-sabadell\/wp-content\/uploads\/usu1082\/2023\/04\/WhatsApp-Image-2023-04-19-at-13.07.42-2.jpeg\" alt=\"\" width=\"358\" height=\"268\" srcset=\"https:\/\/agora.xtec.cat\/esc-jmaragall-sabadell\/wp-content\/uploads\/usu1082\/2023\/04\/WhatsApp-Image-2023-04-19-at-13.07.42-2.jpeg 591w, https:\/\/agora.xtec.cat\/esc-jmaragall-sabadell\/wp-content\/uploads\/usu1082\/2023\/04\/WhatsApp-Image-2023-04-19-at-13.07.42-2-300x225.jpeg 300w, https:\/\/agora.xtec.cat\/esc-jmaragall-sabadell\/wp-content\/uploads\/usu1082\/2023\/04\/WhatsApp-Image-2023-04-19-at-13.07.42-2-200x150.jpeg 200w\" sizes=\"auto, (max-width: 358px) 100vw, 358px\" \/><\/a> <a href=\"https:\/\/agora.xtec.cat\/esc-jmaragall-sabadell\/wp-content\/uploads\/usu1082\/2023\/04\/WhatsApp-Image-2023-04-19-at-13.35.59-1.jpeg\"><img loading=\"lazy\" decoding=\"async\" class=\"alignnone  wp-image-5851\" src=\"https:\/\/agora.xtec.cat\/esc-jmaragall-sabadell\/wp-content\/uploads\/usu1082\/2023\/04\/WhatsApp-Image-2023-04-19-at-13.35.59-1.jpeg\" alt=\"\" width=\"354\" height=\"265\" srcset=\"https:\/\/agora.xtec.cat\/esc-jmaragall-sabadell\/wp-content\/uploads\/usu1082\/2023\/04\/WhatsApp-Image-2023-04-19-at-13.35.59-1.jpeg 591w, https:\/\/agora.xtec.cat\/esc-jmaragall-sabadell\/wp-content\/uploads\/usu1082\/2023\/04\/WhatsApp-Image-2023-04-19-at-13.35.59-1-300x225.jpeg 300w, https:\/\/agora.xtec.cat\/esc-jmaragall-sabadell\/wp-content\/uploads\/usu1082\/2023\/04\/WhatsApp-Image-2023-04-19-at-13.35.59-1-200x150.jpeg 200w\" sizes=\"auto, (max-width: 354px) 100vw, 354px\" \/><\/a> <a href=\"https:\/\/agora.xtec.cat\/esc-jmaragall-sabadell\/wp-content\/uploads\/usu1082\/2023\/04\/WhatsApp-Image-2023-04-19-at-13.35.59-2.jpeg\"><img loading=\"lazy\" decoding=\"async\" class=\"alignnone  wp-image-5852\" src=\"https:\/\/agora.xtec.cat\/esc-jmaragall-sabadell\/wp-content\/uploads\/usu1082\/2023\/04\/WhatsApp-Image-2023-04-19-at-13.35.59-2.jpeg\" alt=\"\" width=\"479\" height=\"359\" srcset=\"https:\/\/agora.xtec.cat\/esc-jmaragall-sabadell\/wp-content\/uploads\/usu1082\/2023\/04\/WhatsApp-Image-2023-04-19-at-13.35.59-2.jpeg 591w, https:\/\/agora.xtec.cat\/esc-jmaragall-sabadell\/wp-content\/uploads\/usu1082\/2023\/04\/WhatsApp-Image-2023-04-19-at-13.35.59-2-300x225.jpeg 300w, https:\/\/agora.xtec.cat\/esc-jmaragall-sabadell\/wp-content\/uploads\/usu1082\/2023\/04\/WhatsApp-Image-2023-04-19-at-13.35.59-2-200x150.jpeg 200w\" sizes=\"auto, (max-width: 479px) 100vw, 479px\" \/><\/a> <a href=\"https:\/\/agora.xtec.cat\/esc-jmaragall-sabadell\/wp-content\/uploads\/usu1082\/2023\/04\/WhatsApp-Image-2023-04-19-at-13.35.59.jpeg\"><img loading=\"lazy\" decoding=\"async\" class=\"alignnone  wp-image-5853\" src=\"https:\/\/agora.xtec.cat\/esc-jmaragall-sabadell\/wp-content\/uploads\/usu1082\/2023\/04\/WhatsApp-Image-2023-04-19-at-13.35.59.jpeg\" alt=\"\" width=\"467\" height=\"350\" srcset=\"https:\/\/agora.xtec.cat\/esc-jmaragall-sabadell\/wp-content\/uploads\/usu1082\/2023\/04\/WhatsApp-Image-2023-04-19-at-13.35.59.jpeg 591w, https:\/\/agora.xtec.cat\/esc-jmaragall-sabadell\/wp-content\/uploads\/usu1082\/2023\/04\/WhatsApp-Image-2023-04-19-at-13.35.59-300x225.jpeg 300w, https:\/\/agora.xtec.cat\/esc-jmaragall-sabadell\/wp-content\/uploads\/usu1082\/2023\/04\/WhatsApp-Image-2023-04-19-at-13.35.59-200x150.jpeg 200w\" sizes=\"auto, (max-width: 467px) 100vw, 467px\" \/><\/a><\/p>\n","protected":false},"excerpt":{"rendered":"<p>Hola fam\u00edlies!<br \/>\nEls nens i nenes de 3r i de 5\u00e8 hem participat a la Gal\u00b7la Solid\u00e0ria &#8220;M\u00e9s Somriures&#8221;. L&#8217;objectiu era recollir diners perqu\u00e8 tots els infants de Sabadell tinguessin les mateixes oportunitats per poder fer sortides i col\u00f2nies. En aquesta Gal\u00b7la hem participat cantant dues&hellip;  <a href=\"https:\/\/agora.xtec.cat\/esc-jmaragall-sabadell\/portada\/galla-solidaria-mes-somriures\/\" title=\"Read Gal\u00b7la Solid\u00e0ria M\u00e9s Somriures\">Llegeix m\u00e9s\u00bb<\/a><\/p>\n","protected":false},"author":18,"featured_media":5852,"comment_status":"open","ping_status":"closed","sticky":false,"template":"","format":"standard","meta":{"_bbp_topic_count":0,"_bbp_reply_count":0,"_bbp_total_topic_count":0,"_bbp_total_reply_count":0,"_bbp_voice_count":0,"_bbp_anonymous_reply_count":0,"_bbp_topic_count_hidden":0,"_bbp_reply_count_hidden":0,"_bbp_forum_subforum_count":0,"footnotes":""},"categories":[120,8,4],"tags":[247,90,81,228,73,68,66,276,187,65,129],"class_list":["post-5837","post","type-post","status-publish","format-standard","has-post-thumbnail","hentry","category-120","category-8","category-portada","tag-3r","tag-3ra","tag-5e","tag-artistes","tag-canco","tag-cancons","tag-cantem-africa","tag-cicle-mitja","tag-cicle-superior","tag-musica","tag-musical"],"post_mailing_queue_ids":[],"_links":{"self":[{"href":"https:\/\/agora.xtec.cat\/esc-jmaragall-sabadell\/wp-json\/wp\/v2\/posts\/5837","targetHints":{"allow":["GET"]}}],"collection":[{"href":"https:\/\/agora.xtec.cat\/esc-jmaragall-sabadell\/wp-json\/wp\/v2\/posts"}],"about":[{"href":"https:\/\/agora.xtec.cat\/esc-jmaragall-sabadell\/wp-json\/wp\/v2\/types\/post"}],"author":[{"embeddable":true,"href":"https:\/\/agora.xtec.cat\/esc-jmaragall-sabadell\/wp-json\/wp\/v2\/users\/18"}],"replies":[{"embeddable":true,"href":"https:\/\/agora.xtec.cat\/esc-jmaragall-sabadell\/wp-json\/wp\/v2\/comments?post=5837"}],"version-history":[{"count":1,"href":"https:\/\/agora.xtec.cat\/esc-jmaragall-sabadell\/wp-json\/wp\/v2\/posts\/5837\/revisions"}],"predecessor-version":[{"id":5855,"href":"https:\/\/agora.xtec.cat\/esc-jmaragall-sabadell\/wp-json\/wp\/v2\/posts\/5837\/revisions\/5855"}],"wp:featuredmedia":[{"embeddable":true,"href":"https:\/\/agora.xtec.cat\/esc-jmaragall-sabadell\/wp-json\/wp\/v2\/media\/5852"}],"wp:attachment":[{"href":"https:\/\/agora.xtec.cat\/esc-jmaragall-sabadell\/wp-json\/wp\/v2\/media?parent=5837"}],"wp:term":[{"taxonomy":"category","embeddable":true,"href":"https:\/\/agora.xtec.cat\/esc-jmaragall-sabadell\/wp-json\/wp\/v2\/categories?post=5837"},{"taxonomy":"post_tag","embeddable":true,"href":"https:\/\/agora.xtec.cat\/esc-jmaragall-sabadell\/wp-json\/wp\/v2\/tags?post=5837"}],"curies":[{"name":"wp","href":"https:\/\/api.w.org\/{rel}","templated":true}]}}