{"id":5819,"date":"2023-04-19T13:39:37","date_gmt":"2023-04-19T11:39:37","guid":{"rendered":"https:\/\/agora.xtec.cat\/esc-jmaragall-sabadell\/?p=5819"},"modified":"2023-04-19T13:39:37","modified_gmt":"2023-04-19T11:39:37","slug":"la-setmana-cultural-del-cicle-mitja","status":"publish","type":"post","link":"https:\/\/agora.xtec.cat\/esc-jmaragall-sabadell\/primaria\/1625\/la-setmana-cultural-del-cicle-mitja\/","title":{"rendered":"La setmana cultural del cicle mitj\u00e0"},"content":{"rendered":"<p>Hola fam\u00edlies!<\/p>\n<p>L&#8217;alumnat de cicle mitj\u00e0 s&#8217;ha endinsat a les profunditats dels mars i oceans per aprendre sobre la seva fauna, la vegetaci\u00f3 i per prendre consci\u00e8ncia de la import\u00e0ncia de cuidar el nostre planeta. Tant ha estat el seu inter\u00e8s que han creat un parad\u00eds mar\u00edtim al seu passad\u00eds, el qual compta amb peixos, tortugues, crustacis, coralls, algues, etc., fins i tot, hi ha una submarinista! Mireu quina passada:<\/p>\n<p><a href=\"https:\/\/agora.xtec.cat\/esc-jmaragall-sabadell\/wp-content\/uploads\/usu1082\/2023\/04\/WhatsApp-Image-2023-04-19-at-13.09.12-1.jpeg\"><img loading=\"lazy\" decoding=\"async\" class=\"alignnone size-large wp-image-5844\" src=\"https:\/\/agora.xtec.cat\/esc-jmaragall-sabadell\/wp-content\/uploads\/usu1082\/2023\/04\/WhatsApp-Image-2023-04-19-at-13.09.12-1-1024x768.jpeg\" alt=\"\" width=\"1024\" height=\"768\" srcset=\"https:\/\/agora.xtec.cat\/esc-jmaragall-sabadell\/wp-content\/uploads\/usu1082\/2023\/04\/WhatsApp-Image-2023-04-19-at-13.09.12-1-1024x768.jpeg 1024w, https:\/\/agora.xtec.cat\/esc-jmaragall-sabadell\/wp-content\/uploads\/usu1082\/2023\/04\/WhatsApp-Image-2023-04-19-at-13.09.12-1-300x225.jpeg 300w, https:\/\/agora.xtec.cat\/esc-jmaragall-sabadell\/wp-content\/uploads\/usu1082\/2023\/04\/WhatsApp-Image-2023-04-19-at-13.09.12-1-768x576.jpeg 768w, https:\/\/agora.xtec.cat\/esc-jmaragall-sabadell\/wp-content\/uploads\/usu1082\/2023\/04\/WhatsApp-Image-2023-04-19-at-13.09.12-1-1536x1152.jpeg 1536w, https:\/\/agora.xtec.cat\/esc-jmaragall-sabadell\/wp-content\/uploads\/usu1082\/2023\/04\/WhatsApp-Image-2023-04-19-at-13.09.12-1-200x150.jpeg 200w, https:\/\/agora.xtec.cat\/esc-jmaragall-sabadell\/wp-content\/uploads\/usu1082\/2023\/04\/WhatsApp-Image-2023-04-19-at-13.09.12-1.jpeg 2048w\" sizes=\"auto, (max-width: 1024px) 100vw, 1024px\" \/><\/a> <a href=\"https:\/\/agora.xtec.cat\/esc-jmaragall-sabadell\/wp-content\/uploads\/usu1082\/2023\/04\/WhatsApp-Image-2023-04-19-at-13.09.12.jpeg\"><img loading=\"lazy\" decoding=\"async\" class=\"alignnone size-large wp-image-5845\" src=\"https:\/\/agora.xtec.cat\/esc-jmaragall-sabadell\/wp-content\/uploads\/usu1082\/2023\/04\/WhatsApp-Image-2023-04-19-at-13.09.12-1024x768.jpeg\" alt=\"\" width=\"1024\" height=\"768\" srcset=\"https:\/\/agora.xtec.cat\/esc-jmaragall-sabadell\/wp-content\/uploads\/usu1082\/2023\/04\/WhatsApp-Image-2023-04-19-at-13.09.12-1024x768.jpeg 1024w, https:\/\/agora.xtec.cat\/esc-jmaragall-sabadell\/wp-content\/uploads\/usu1082\/2023\/04\/WhatsApp-Image-2023-04-19-at-13.09.12-300x225.jpeg 300w, https:\/\/agora.xtec.cat\/esc-jmaragall-sabadell\/wp-content\/uploads\/usu1082\/2023\/04\/WhatsApp-Image-2023-04-19-at-13.09.12-768x576.jpeg 768w, https:\/\/agora.xtec.cat\/esc-jmaragall-sabadell\/wp-content\/uploads\/usu1082\/2023\/04\/WhatsApp-Image-2023-04-19-at-13.09.12-1536x1152.jpeg 1536w, https:\/\/agora.xtec.cat\/esc-jmaragall-sabadell\/wp-content\/uploads\/usu1082\/2023\/04\/WhatsApp-Image-2023-04-19-at-13.09.12-200x150.jpeg 200w, https:\/\/agora.xtec.cat\/esc-jmaragall-sabadell\/wp-content\/uploads\/usu1082\/2023\/04\/WhatsApp-Image-2023-04-19-at-13.09.12.jpeg 2048w\" sizes=\"auto, (max-width: 1024px) 100vw, 1024px\" \/><\/a> <a href=\"https:\/\/agora.xtec.cat\/esc-jmaragall-sabadell\/wp-content\/uploads\/usu1082\/2023\/04\/WhatsApp-Image-2023-04-19-at-13.08.26.jpeg\"><img loading=\"lazy\" decoding=\"async\" class=\"alignnone size-large wp-image-5846\" src=\"https:\/\/agora.xtec.cat\/esc-jmaragall-sabadell\/wp-content\/uploads\/usu1082\/2023\/04\/WhatsApp-Image-2023-04-19-at-13.08.26.jpeg\" alt=\"\" width=\"768\" height=\"1024\" srcset=\"https:\/\/agora.xtec.cat\/esc-jmaragall-sabadell\/wp-content\/uploads\/usu1082\/2023\/04\/WhatsApp-Image-2023-04-19-at-13.08.26.jpeg 768w, https:\/\/agora.xtec.cat\/esc-jmaragall-sabadell\/wp-content\/uploads\/usu1082\/2023\/04\/WhatsApp-Image-2023-04-19-at-13.08.26-225x300.jpeg 225w\" sizes=\"auto, (max-width: 768px) 100vw, 768px\" \/><\/a><\/p>\n<div style=\"width: 640px;\" class=\"wp-video\"><!--[if lt IE 9]><script>document.createElement('video');<\/script><![endif]-->\n<video class=\"wp-video-shortcode\" id=\"video-5819-1\" width=\"640\" height=\"352\" preload=\"metadata\" controls=\"controls\"><source type=\"video\/mp4\" src=\"https:\/\/agora.xtec.cat\/esc-jmaragall-sabadell\/wp-content\/uploads\/usu1082\/2023\/04\/WhatsApp-Video-2023-04-19-at-13.08.27.mp4?_=1\" \/><a href=\"https:\/\/agora.xtec.cat\/esc-jmaragall-sabadell\/wp-content\/uploads\/usu1082\/2023\/04\/WhatsApp-Video-2023-04-19-at-13.08.27.mp4\">https:\/\/agora.xtec.cat\/esc-jmaragall-sabadell\/wp-content\/uploads\/usu1082\/2023\/04\/WhatsApp-Video-2023-04-19-at-13.08.27.mp4<\/a><\/video><\/div>\n<p>&nbsp;<\/p>\n<p>A m\u00e9s a m\u00e9s, per tal d&#8217;explicar-ho a la resta de l&#8217;escola han preparat una petita obra de teatre en la qual compartien tot el coneixement que han apr\u00e8s i han destacat valors com la generositat, el respecte, l&#8217;empatia, entre d&#8217;altres; valors molt presents en el dia a dia del centre.<\/p>\n","protected":false},"excerpt":{"rendered":"<p>Hola fam\u00edlies!<br \/>\nL&#8217;alumnat de cicle mitj\u00e0 s&#8217;ha endinsat a les profunditats dels mars i oceans per aprendre sobre la seva fauna, la vegetaci\u00f3 i per prendre consci\u00e8ncia de la import\u00e0ncia de cuidar el nostre planeta. Tant ha estat el seu inter\u00e8s que han creat un parad\u00eds&hellip;  <a href=\"https:\/\/agora.xtec.cat\/esc-jmaragall-sabadell\/primaria\/1625\/la-setmana-cultural-del-cicle-mitja\/\" title=\"Read La setmana cultural del cicle mitj\u00e0\">Llegeix m\u00e9s\u00bb<\/a><\/p>\n","protected":false},"author":18,"featured_media":5844,"comment_status":"open","ping_status":"closed","sticky":false,"template":"","format":"standard","meta":{"_bbp_topic_count":0,"_bbp_reply_count":0,"_bbp_total_topic_count":0,"_bbp_total_reply_count":0,"_bbp_voice_count":0,"_bbp_anonymous_reply_count":0,"_bbp_topic_count_hidden":0,"_bbp_reply_count_hidden":0,"_bbp_forum_subforum_count":0,"footnotes":""},"categories":[120,3,4,5,64],"tags":[280,276,286,96],"class_list":["post-5819","post","type-post","status-publish","format-standard","has-post-thumbnail","hentry","category-120","category-3","category-portada","category-primaria","category-setcultural","tag-3r-i-4t","tag-cicle-mitja","tag-mars-i-oceans","tag-setmana-cultural"],"post_mailing_queue_ids":[],"_links":{"self":[{"href":"https:\/\/agora.xtec.cat\/esc-jmaragall-sabadell\/wp-json\/wp\/v2\/posts\/5819","targetHints":{"allow":["GET"]}}],"collection":[{"href":"https:\/\/agora.xtec.cat\/esc-jmaragall-sabadell\/wp-json\/wp\/v2\/posts"}],"about":[{"href":"https:\/\/agora.xtec.cat\/esc-jmaragall-sabadell\/wp-json\/wp\/v2\/types\/post"}],"author":[{"embeddable":true,"href":"https:\/\/agora.xtec.cat\/esc-jmaragall-sabadell\/wp-json\/wp\/v2\/users\/18"}],"replies":[{"embeddable":true,"href":"https:\/\/agora.xtec.cat\/esc-jmaragall-sabadell\/wp-json\/wp\/v2\/comments?post=5819"}],"version-history":[{"count":1,"href":"https:\/\/agora.xtec.cat\/esc-jmaragall-sabadell\/wp-json\/wp\/v2\/posts\/5819\/revisions"}],"predecessor-version":[{"id":5854,"href":"https:\/\/agora.xtec.cat\/esc-jmaragall-sabadell\/wp-json\/wp\/v2\/posts\/5819\/revisions\/5854"}],"wp:featuredmedia":[{"embeddable":true,"href":"https:\/\/agora.xtec.cat\/esc-jmaragall-sabadell\/wp-json\/wp\/v2\/media\/5844"}],"wp:attachment":[{"href":"https:\/\/agora.xtec.cat\/esc-jmaragall-sabadell\/wp-json\/wp\/v2\/media?parent=5819"}],"wp:term":[{"taxonomy":"category","embeddable":true,"href":"https:\/\/agora.xtec.cat\/esc-jmaragall-sabadell\/wp-json\/wp\/v2\/categories?post=5819"},{"taxonomy":"post_tag","embeddable":true,"href":"https:\/\/agora.xtec.cat\/esc-jmaragall-sabadell\/wp-json\/wp\/v2\/tags?post=5819"}],"curies":[{"name":"wp","href":"https:\/\/api.w.org\/{rel}","templated":true}]}}