{"id":5798,"date":"2023-04-18T10:59:40","date_gmt":"2023-04-18T08:59:40","guid":{"rendered":"https:\/\/agora.xtec.cat\/esc-jmaragall-sabadell\/?p=5798"},"modified":"2023-04-18T10:59:40","modified_gmt":"2023-04-18T08:59:40","slug":"al-sep-de-primer-hem-apres-a-fer-videos","status":"publish","type":"post","link":"https:\/\/agora.xtec.cat\/esc-jmaragall-sabadell\/portada\/al-sep-de-primer-hem-apres-a-fer-videos\/","title":{"rendered":"Al SEP de Primer hem apr\u00e9s a fer v\u00eddeos"},"content":{"rendered":"<p>Al SEP de primer hem apr\u00e9s a fer v\u00eddeos amb Google Fotos. Primer vam fer fotos i despr\u00e9s amb l&#8217;app ho vam convertir en v\u00eddeo. En una altra sessi\u00f3 vam fer de reporters i mentre un feia de c\u00e0mera un altre company\/a explicava una part diferent de l&#8217;exposici\u00f3 de la selva. Us deixem a continuaci\u00f3 els dos v\u00eddeos.<\/p>\n<p><iframe loading=\"lazy\" title=\"V\u00eddeos amb fotos SEP 1r Selva\" width=\"500\" height=\"281\" src=\"https:\/\/www.youtube.com\/embed\/T_1FSZTdwr8?feature=oembed\" frameborder=\"0\" allow=\"accelerometer; autoplay; clipboard-write; encrypted-media; gyroscope; picture-in-picture; web-share\" referrerpolicy=\"strict-origin-when-cross-origin\" allowfullscreen><\/iframe><\/p>\n<p><iframe loading=\"lazy\" title=\"Reporters de la Selva Sep 1r\" width=\"500\" height=\"281\" src=\"https:\/\/www.youtube.com\/embed\/cVfahCoDGEg?feature=oembed\" frameborder=\"0\" allow=\"accelerometer; autoplay; clipboard-write; encrypted-media; gyroscope; picture-in-picture; web-share\" referrerpolicy=\"strict-origin-when-cross-origin\" allowfullscreen><\/iframe><\/p>\n","protected":false},"excerpt":{"rendered":"<p>Al SEP de primer hem apr\u00e9s a fer v\u00eddeos amb Google Fotos. Primer vam fer fotos i despr\u00e9s amb l&#8217;app ho vam convertir en v\u00eddeo. En una altra sessi\u00f3 vam fer de reporters i mentre un feia de c\u00e0mera un altre company\/a explicava una part&hellip;  <a href=\"https:\/\/agora.xtec.cat\/esc-jmaragall-sabadell\/portada\/al-sep-de-primer-hem-apres-a-fer-videos\/\" title=\"Read Al SEP de Primer hem apr\u00e9s a fer v\u00eddeos\">Llegeix m\u00e9s\u00bb<\/a><\/p>\n","protected":false},"author":11,"featured_media":5799,"comment_status":"open","ping_status":"closed","sticky":false,"template":"","format":"standard","meta":{"_bbp_topic_count":0,"_bbp_reply_count":0,"_bbp_total_topic_count":0,"_bbp_total_reply_count":0,"_bbp_voice_count":0,"_bbp_anonymous_reply_count":0,"_bbp_topic_count_hidden":0,"_bbp_reply_count_hidden":0,"_bbp_forum_subforum_count":0,"footnotes":""},"categories":[219,4,5,64],"tags":[89,71,269,96],"class_list":["post-5798","post","type-post","status-publish","format-standard","has-post-thumbnail","hentry","category-219","category-portada","category-primaria","category-setcultural","tag-1r","tag-primaria","tag-sep","tag-setmana-cultural"],"post_mailing_queue_ids":[],"_links":{"self":[{"href":"https:\/\/agora.xtec.cat\/esc-jmaragall-sabadell\/wp-json\/wp\/v2\/posts\/5798","targetHints":{"allow":["GET"]}}],"collection":[{"href":"https:\/\/agora.xtec.cat\/esc-jmaragall-sabadell\/wp-json\/wp\/v2\/posts"}],"about":[{"href":"https:\/\/agora.xtec.cat\/esc-jmaragall-sabadell\/wp-json\/wp\/v2\/types\/post"}],"author":[{"embeddable":true,"href":"https:\/\/agora.xtec.cat\/esc-jmaragall-sabadell\/wp-json\/wp\/v2\/users\/11"}],"replies":[{"embeddable":true,"href":"https:\/\/agora.xtec.cat\/esc-jmaragall-sabadell\/wp-json\/wp\/v2\/comments?post=5798"}],"version-history":[{"count":1,"href":"https:\/\/agora.xtec.cat\/esc-jmaragall-sabadell\/wp-json\/wp\/v2\/posts\/5798\/revisions"}],"predecessor-version":[{"id":5800,"href":"https:\/\/agora.xtec.cat\/esc-jmaragall-sabadell\/wp-json\/wp\/v2\/posts\/5798\/revisions\/5800"}],"wp:featuredmedia":[{"embeddable":true,"href":"https:\/\/agora.xtec.cat\/esc-jmaragall-sabadell\/wp-json\/wp\/v2\/media\/5799"}],"wp:attachment":[{"href":"https:\/\/agora.xtec.cat\/esc-jmaragall-sabadell\/wp-json\/wp\/v2\/media?parent=5798"}],"wp:term":[{"taxonomy":"category","embeddable":true,"href":"https:\/\/agora.xtec.cat\/esc-jmaragall-sabadell\/wp-json\/wp\/v2\/categories?post=5798"},{"taxonomy":"post_tag","embeddable":true,"href":"https:\/\/agora.xtec.cat\/esc-jmaragall-sabadell\/wp-json\/wp\/v2\/tags?post=5798"}],"curies":[{"name":"wp","href":"https:\/\/api.w.org\/{rel}","templated":true}]}}