{"id":5783,"date":"2023-03-24T09:54:39","date_gmt":"2023-03-24T08:54:39","guid":{"rendered":"https:\/\/agora.xtec.cat\/esc-jmaragall-sabadell\/?p=5783"},"modified":"2023-03-24T09:54:39","modified_gmt":"2023-03-24T08:54:39","slug":"cicle-mitja-pugem-a-la-mola","status":"publish","type":"post","link":"https:\/\/agora.xtec.cat\/esc-jmaragall-sabadell\/general\/cicle-mitja-pugem-a-la-mola\/","title":{"rendered":"CICLE MITJ\u00c0 PUGEM A LA MOLA!!"},"content":{"rendered":"<p>Ens ha agradat molt arribar fins el cim i descobrir tot el que nom\u00e9s veiem des del pati de l&#8217;escola. Ha estat un cam\u00ed ple d&#8217;aventures i an\u00e8cdotes que segur que no oblidarem!! Ens ho hem passat PIIIPA!!!<a href=\"https:\/\/agora.xtec.cat\/esc-jmaragall-sabadell\/wp-content\/uploads\/usu1082\/2023\/03\/mola-2-reduida.jpg\"><img loading=\"lazy\" decoding=\"async\" class=\"alignnone wp-image-5784\" src=\"https:\/\/agora.xtec.cat\/esc-jmaragall-sabadell\/wp-content\/uploads\/usu1082\/2023\/03\/mola-2-reduida.jpg\" alt=\"\" width=\"370\" height=\"277\" srcset=\"https:\/\/agora.xtec.cat\/esc-jmaragall-sabadell\/wp-content\/uploads\/usu1082\/2023\/03\/mola-2-reduida.jpg 591w, https:\/\/agora.xtec.cat\/esc-jmaragall-sabadell\/wp-content\/uploads\/usu1082\/2023\/03\/mola-2-reduida-300x225.jpg 300w, https:\/\/agora.xtec.cat\/esc-jmaragall-sabadell\/wp-content\/uploads\/usu1082\/2023\/03\/mola-2-reduida-200x150.jpg 200w\" sizes=\"auto, (max-width: 370px) 100vw, 370px\" \/><\/a> <a href=\"https:\/\/agora.xtec.cat\/esc-jmaragall-sabadell\/wp-content\/uploads\/usu1082\/2023\/03\/mola-1-reduida.jpg\"><img loading=\"lazy\" decoding=\"async\" class=\"alignnone wp-image-5785\" src=\"https:\/\/agora.xtec.cat\/esc-jmaragall-sabadell\/wp-content\/uploads\/usu1082\/2023\/03\/mola-1-reduida.jpg\" alt=\"\" width=\"283\" height=\"377\" srcset=\"https:\/\/agora.xtec.cat\/esc-jmaragall-sabadell\/wp-content\/uploads\/usu1082\/2023\/03\/mola-1-reduida.jpg 443w, https:\/\/agora.xtec.cat\/esc-jmaragall-sabadell\/wp-content\/uploads\/usu1082\/2023\/03\/mola-1-reduida-225x300.jpg 225w\" sizes=\"auto, (max-width: 283px) 100vw, 283px\" \/><\/a><\/p>\n","protected":false},"excerpt":{"rendered":"<p>Ens ha agradat molt arribar fins el cim i descobrir tot el que nom\u00e9s veiem des del pati de l&#8217;escola. Ha estat un cam\u00ed ple d&#8217;aventures i an\u00e8cdotes que segur que no oblidarem!! Ens ho hem passat PIIIPA!!!<a href=\"https:\/\/agora.xtec.cat\/esc-jmaragall-sabadell\/wp-content\/uploads\/usu1082\/2023\/03\/mola-2-reduida.jpg\"><\/a> <a href=\"https:\/\/agora.xtec.cat\/esc-jmaragall-sabadell\/wp-content\/uploads\/usu1082\/2023\/03\/mola-1-reduida.jpg\"><\/a><\/p>\n","protected":false},"author":18,"featured_media":0,"comment_status":"closed","ping_status":"closed","sticky":false,"template":"","format":"standard","meta":{"_bbp_topic_count":0,"_bbp_reply_count":0,"_bbp_total_topic_count":0,"_bbp_total_reply_count":0,"_bbp_voice_count":0,"_bbp_anonymous_reply_count":0,"_bbp_topic_count_hidden":0,"_bbp_reply_count_hidden":0,"_bbp_forum_subforum_count":0,"footnotes":""},"categories":[120,3,1,4,5],"tags":[280,91,71,16],"class_list":["post-5783","post","type-post","status-publish","format-standard","hentry","category-120","category-3","category-general","category-portada","category-primaria","tag-3r-i-4t","tag-educacio-fisica","tag-primaria","tag-sortides"],"post_mailing_queue_ids":[],"_links":{"self":[{"href":"https:\/\/agora.xtec.cat\/esc-jmaragall-sabadell\/wp-json\/wp\/v2\/posts\/5783","targetHints":{"allow":["GET"]}}],"collection":[{"href":"https:\/\/agora.xtec.cat\/esc-jmaragall-sabadell\/wp-json\/wp\/v2\/posts"}],"about":[{"href":"https:\/\/agora.xtec.cat\/esc-jmaragall-sabadell\/wp-json\/wp\/v2\/types\/post"}],"author":[{"embeddable":true,"href":"https:\/\/agora.xtec.cat\/esc-jmaragall-sabadell\/wp-json\/wp\/v2\/users\/18"}],"replies":[{"embeddable":true,"href":"https:\/\/agora.xtec.cat\/esc-jmaragall-sabadell\/wp-json\/wp\/v2\/comments?post=5783"}],"version-history":[{"count":1,"href":"https:\/\/agora.xtec.cat\/esc-jmaragall-sabadell\/wp-json\/wp\/v2\/posts\/5783\/revisions"}],"predecessor-version":[{"id":5786,"href":"https:\/\/agora.xtec.cat\/esc-jmaragall-sabadell\/wp-json\/wp\/v2\/posts\/5783\/revisions\/5786"}],"wp:attachment":[{"href":"https:\/\/agora.xtec.cat\/esc-jmaragall-sabadell\/wp-json\/wp\/v2\/media?parent=5783"}],"wp:term":[{"taxonomy":"category","embeddable":true,"href":"https:\/\/agora.xtec.cat\/esc-jmaragall-sabadell\/wp-json\/wp\/v2\/categories?post=5783"},{"taxonomy":"post_tag","embeddable":true,"href":"https:\/\/agora.xtec.cat\/esc-jmaragall-sabadell\/wp-json\/wp\/v2\/tags?post=5783"}],"curies":[{"name":"wp","href":"https:\/\/api.w.org\/{rel}","templated":true}]}}