{"id":5770,"date":"2023-03-19T22:33:43","date_gmt":"2023-03-19T21:33:43","guid":{"rendered":"https:\/\/agora.xtec.cat\/esc-jmaragall-sabadell\/?p=5770"},"modified":"2023-03-19T22:33:43","modified_gmt":"2023-03-19T21:33:43","slug":"colonies-i5-1r-2n","status":"publish","type":"post","link":"https:\/\/agora.xtec.cat\/esc-jmaragall-sabadell\/general\/colonies-i5-1r-2n\/","title":{"rendered":"COL\u00d2NIES I5, 1r, 2n"},"content":{"rendered":"<p>Els dies 16 i 17 de mar\u00e7 I5, 1r i 2n vam anar a la casa de col\u00f2nies Les Codines (Osona). Vam gaudir molt a la natura i vam realitzar jocs i proves al bosc! Tamb\u00e9 vam ajudar a la pastora Gadea a trobar la seva llana. Finalment, vam aconseguir el carnet de pastors!<\/p>\n<p><iframe loading=\"lazy\" title=\"COL\u00d2NIES I5, 1r, 2n Les Codines\" width=\"500\" height=\"281\" src=\"https:\/\/www.youtube.com\/embed\/ZWVzZ0Y5A7k?feature=oembed\" frameborder=\"0\" allow=\"accelerometer; autoplay; clipboard-write; encrypted-media; gyroscope; picture-in-picture; web-share\" referrerpolicy=\"strict-origin-when-cross-origin\" allowfullscreen><\/iframe><\/p>\n","protected":false},"excerpt":{"rendered":"<p>Els dies 16 i 17 de mar\u00e7 I5, 1r i 2n vam anar a la casa de col\u00f2nies Les Codines (Osona). Vam gaudir molt a la natura i vam realitzar jocs i proves al bosc! Tamb\u00e9 vam ajudar a la pastora Gadea a trobar la&hellip;  <a href=\"https:\/\/agora.xtec.cat\/esc-jmaragall-sabadell\/general\/colonies-i5-1r-2n\/\" title=\"Read COL\u00d2NIES I5, 1r, 2n\">Llegeix m\u00e9s\u00bb<\/a><\/p>\n","protected":false},"author":19,"featured_media":5771,"comment_status":"open","ping_status":"closed","sticky":false,"template":"","format":"standard","meta":{"_bbp_topic_count":0,"_bbp_reply_count":0,"_bbp_total_topic_count":0,"_bbp_total_reply_count":0,"_bbp_voice_count":0,"_bbp_anonymous_reply_count":0,"_bbp_topic_count_hidden":0,"_bbp_reply_count_hidden":0,"_bbp_forum_subforum_count":0,"footnotes":""},"categories":[245,219,190,1,4],"tags":[],"class_list":["post-5770","post","type-post","status-publish","format-standard","has-post-thumbnail","hentry","category-245","category-219","category-190","category-general","category-portada"],"post_mailing_queue_ids":[],"_links":{"self":[{"href":"https:\/\/agora.xtec.cat\/esc-jmaragall-sabadell\/wp-json\/wp\/v2\/posts\/5770","targetHints":{"allow":["GET"]}}],"collection":[{"href":"https:\/\/agora.xtec.cat\/esc-jmaragall-sabadell\/wp-json\/wp\/v2\/posts"}],"about":[{"href":"https:\/\/agora.xtec.cat\/esc-jmaragall-sabadell\/wp-json\/wp\/v2\/types\/post"}],"author":[{"embeddable":true,"href":"https:\/\/agora.xtec.cat\/esc-jmaragall-sabadell\/wp-json\/wp\/v2\/users\/19"}],"replies":[{"embeddable":true,"href":"https:\/\/agora.xtec.cat\/esc-jmaragall-sabadell\/wp-json\/wp\/v2\/comments?post=5770"}],"version-history":[{"count":1,"href":"https:\/\/agora.xtec.cat\/esc-jmaragall-sabadell\/wp-json\/wp\/v2\/posts\/5770\/revisions"}],"predecessor-version":[{"id":5772,"href":"https:\/\/agora.xtec.cat\/esc-jmaragall-sabadell\/wp-json\/wp\/v2\/posts\/5770\/revisions\/5772"}],"wp:featuredmedia":[{"embeddable":true,"href":"https:\/\/agora.xtec.cat\/esc-jmaragall-sabadell\/wp-json\/wp\/v2\/media\/5771"}],"wp:attachment":[{"href":"https:\/\/agora.xtec.cat\/esc-jmaragall-sabadell\/wp-json\/wp\/v2\/media?parent=5770"}],"wp:term":[{"taxonomy":"category","embeddable":true,"href":"https:\/\/agora.xtec.cat\/esc-jmaragall-sabadell\/wp-json\/wp\/v2\/categories?post=5770"},{"taxonomy":"post_tag","embeddable":true,"href":"https:\/\/agora.xtec.cat\/esc-jmaragall-sabadell\/wp-json\/wp\/v2\/tags?post=5770"}],"curies":[{"name":"wp","href":"https:\/\/api.w.org\/{rel}","templated":true}]}}