{"id":5717,"date":"2023-03-05T19:05:17","date_gmt":"2023-03-05T18:05:17","guid":{"rendered":"https:\/\/agora.xtec.cat\/esc-jmaragall-sabadell\/?p=5717"},"modified":"2023-03-05T19:05:17","modified_gmt":"2023-03-05T18:05:17","slug":"compartim-pati","status":"publish","type":"post","link":"https:\/\/agora.xtec.cat\/esc-jmaragall-sabadell\/general\/compartim-pati\/","title":{"rendered":"COMPARTIM PATI!"},"content":{"rendered":"<p>Hola fam\u00edlies,<\/p>\n<p>Despr\u00e9s de tantes restriccions, tornem a compartir patis. L&#8217;alumnat de 6\u00e8, ha pensat organitzar uns quants llocs per jugar amb els nens i les nenes de P3, s&#8217;ho van passar molt b\u00e9, tal i com es poden veure a les imatges.<\/p>\n<p><strong>JOC DEL PICA PARET<\/strong>\u00a0 \u00a0 \u00a0 \u00a0 \u00a0 \u00a0 \u00a0 \u00a0 \u00a0 \u00a0 \u00a0 \u00a0 \u00a0 \u00a0 \u00a0 \u00a0 \u00a0 \u00a0 \u00a0 \u00a0 \u00a0 \u00a0 \u00a0 \u00a0 \u00a0 \u00a0 <strong>\u00a0 \u00a0 \u00a0 \u00a0 \u00a0 \u00a0 \u00a0 \u00a0 \u00a0 \u00a0 \u00a0 \u00a0 \u00a0 \u00a0 \u00a0 \u00a0 \u00a0 \u00a0 \u00a0 <\/strong><strong>JOC DELS RITMES<\/strong><\/p>\n<p><a href=\"https:\/\/agora.xtec.cat\/esc-jmaragall-sabadell\/wp-content\/uploads\/usu1082\/2023\/03\/WhatsApp-Image-2023-03-05-at-18.35.13-1.jpeg\"><img loading=\"lazy\" decoding=\"async\" class=\"wp-image-5718 alignleft\" src=\"https:\/\/agora.xtec.cat\/esc-jmaragall-sabadell\/wp-content\/uploads\/usu1082\/2023\/03\/WhatsApp-Image-2023-03-05-at-18.35.13-1.jpeg\" alt=\"\" width=\"307\" height=\"230\" srcset=\"https:\/\/agora.xtec.cat\/esc-jmaragall-sabadell\/wp-content\/uploads\/usu1082\/2023\/03\/WhatsApp-Image-2023-03-05-at-18.35.13-1.jpeg 1024w, https:\/\/agora.xtec.cat\/esc-jmaragall-sabadell\/wp-content\/uploads\/usu1082\/2023\/03\/WhatsApp-Image-2023-03-05-at-18.35.13-1-300x225.jpeg 300w, https:\/\/agora.xtec.cat\/esc-jmaragall-sabadell\/wp-content\/uploads\/usu1082\/2023\/03\/WhatsApp-Image-2023-03-05-at-18.35.13-1-768x576.jpeg 768w, https:\/\/agora.xtec.cat\/esc-jmaragall-sabadell\/wp-content\/uploads\/usu1082\/2023\/03\/WhatsApp-Image-2023-03-05-at-18.35.13-1-200x150.jpeg 200w\" sizes=\"auto, (max-width: 307px) 100vw, 307px\" \/><\/a> <a href=\"https:\/\/agora.xtec.cat\/esc-jmaragall-sabadell\/wp-content\/uploads\/usu1082\/2023\/03\/WhatsApp-Image-2023-03-05-at-18.35.13.jpeg\"><img loading=\"lazy\" decoding=\"async\" class=\"wp-image-5719 alignright\" src=\"https:\/\/agora.xtec.cat\/esc-jmaragall-sabadell\/wp-content\/uploads\/usu1082\/2023\/03\/WhatsApp-Image-2023-03-05-at-18.35.13.jpeg\" alt=\"\" width=\"326\" height=\"245\" srcset=\"https:\/\/agora.xtec.cat\/esc-jmaragall-sabadell\/wp-content\/uploads\/usu1082\/2023\/03\/WhatsApp-Image-2023-03-05-at-18.35.13.jpeg 1024w, https:\/\/agora.xtec.cat\/esc-jmaragall-sabadell\/wp-content\/uploads\/usu1082\/2023\/03\/WhatsApp-Image-2023-03-05-at-18.35.13-300x225.jpeg 300w, https:\/\/agora.xtec.cat\/esc-jmaragall-sabadell\/wp-content\/uploads\/usu1082\/2023\/03\/WhatsApp-Image-2023-03-05-at-18.35.13-768x576.jpeg 768w, https:\/\/agora.xtec.cat\/esc-jmaragall-sabadell\/wp-content\/uploads\/usu1082\/2023\/03\/WhatsApp-Image-2023-03-05-at-18.35.13-200x150.jpeg 200w\" sizes=\"auto, (max-width: 326px) 100vw, 326px\" \/><\/a><\/p>\n<p>&nbsp;<\/p>\n<p>&nbsp;<\/p>\n<p>&nbsp;<\/p>\n<p>&nbsp;<\/p>\n<p>&nbsp;<\/p>\n<p>&nbsp;<\/p>\n<p><a href=\"https:\/\/agora.xtec.cat\/esc-jmaragall-sabadell\/wp-content\/uploads\/usu1082\/2023\/03\/WhatsApp-Image-2023-03-05-at-18.35.13-2.jpeg\"><strong>JOC AMB BITLLES<\/strong><br \/>\n<img loading=\"lazy\" decoding=\"async\" class=\"wp-image-5720  alignleft\" src=\"https:\/\/agora.xtec.cat\/esc-jmaragall-sabadell\/wp-content\/uploads\/usu1082\/2023\/03\/WhatsApp-Image-2023-03-05-at-18.35.13-2-e1678039129744.jpeg\" alt=\"\" width=\"218\" height=\"337\" srcset=\"https:\/\/agora.xtec.cat\/esc-jmaragall-sabadell\/wp-content\/uploads\/usu1082\/2023\/03\/WhatsApp-Image-2023-03-05-at-18.35.13-2-e1678039129744.jpeg 496w, https:\/\/agora.xtec.cat\/esc-jmaragall-sabadell\/wp-content\/uploads\/usu1082\/2023\/03\/WhatsApp-Image-2023-03-05-at-18.35.13-2-e1678039129744-194x300.jpeg 194w\" sizes=\"auto, (max-width: 218px) 100vw, 218px\" \/><\/a><\/p>\n","protected":false},"excerpt":{"rendered":"<p>Hola fam\u00edlies,<br \/>\nDespr\u00e9s de tantes restriccions, tornem a compartir patis. L&#8217;alumnat de 6\u00e8, ha pensat organitzar uns quants llocs per jugar amb els nens i les nenes de P3, s&#8217;ho van passar molt b\u00e9, tal i com es poden veure a les imatges.<br \/>\nJOC DEL PICA PARET\u00a0&hellip;  <a href=\"https:\/\/agora.xtec.cat\/esc-jmaragall-sabadell\/general\/compartim-pati\/\" title=\"Read COMPARTIM PATI!\">Llegeix m\u00e9s\u00bb<\/a><\/p>\n","protected":false},"author":70,"featured_media":0,"comment_status":"open","ping_status":"closed","sticky":false,"template":"","format":"standard","meta":{"_bbp_topic_count":0,"_bbp_reply_count":0,"_bbp_total_topic_count":0,"_bbp_total_reply_count":0,"_bbp_voice_count":0,"_bbp_anonymous_reply_count":0,"_bbp_topic_count_hidden":0,"_bbp_reply_count_hidden":0,"_bbp_forum_subforum_count":0,"footnotes":""},"categories":[1,55,56],"tags":[],"class_list":["post-5717","post","type-post","status-publish","format-standard","hentry","category-general","category-1423b","category-1322b"],"post_mailing_queue_ids":[],"_links":{"self":[{"href":"https:\/\/agora.xtec.cat\/esc-jmaragall-sabadell\/wp-json\/wp\/v2\/posts\/5717","targetHints":{"allow":["GET"]}}],"collection":[{"href":"https:\/\/agora.xtec.cat\/esc-jmaragall-sabadell\/wp-json\/wp\/v2\/posts"}],"about":[{"href":"https:\/\/agora.xtec.cat\/esc-jmaragall-sabadell\/wp-json\/wp\/v2\/types\/post"}],"author":[{"embeddable":true,"href":"https:\/\/agora.xtec.cat\/esc-jmaragall-sabadell\/wp-json\/wp\/v2\/users\/70"}],"replies":[{"embeddable":true,"href":"https:\/\/agora.xtec.cat\/esc-jmaragall-sabadell\/wp-json\/wp\/v2\/comments?post=5717"}],"version-history":[{"count":3,"href":"https:\/\/agora.xtec.cat\/esc-jmaragall-sabadell\/wp-json\/wp\/v2\/posts\/5717\/revisions"}],"predecessor-version":[{"id":5727,"href":"https:\/\/agora.xtec.cat\/esc-jmaragall-sabadell\/wp-json\/wp\/v2\/posts\/5717\/revisions\/5727"}],"wp:attachment":[{"href":"https:\/\/agora.xtec.cat\/esc-jmaragall-sabadell\/wp-json\/wp\/v2\/media?parent=5717"}],"wp:term":[{"taxonomy":"category","embeddable":true,"href":"https:\/\/agora.xtec.cat\/esc-jmaragall-sabadell\/wp-json\/wp\/v2\/categories?post=5717"},{"taxonomy":"post_tag","embeddable":true,"href":"https:\/\/agora.xtec.cat\/esc-jmaragall-sabadell\/wp-json\/wp\/v2\/tags?post=5717"}],"curies":[{"name":"wp","href":"https:\/\/api.w.org\/{rel}","templated":true}]}}