{"id":5666,"date":"2023-04-19T13:02:20","date_gmt":"2023-04-19T11:02:20","guid":{"rendered":"https:\/\/agora.xtec.cat\/esc-jmaragall-sabadell\/?p=5666"},"modified":"2023-04-19T13:03:23","modified_gmt":"2023-04-19T11:03:23","slug":"compartim-esbarjo","status":"publish","type":"post","link":"https:\/\/agora.xtec.cat\/esc-jmaragall-sabadell\/general\/compartim-esbarjo\/","title":{"rendered":"Compartim esbarjo!"},"content":{"rendered":"<p>Avui els alumnes de 5\u00e8 han gaudit d&#8217;una jornada d&#8217;esbarjo compartida amb els alumnes de 4t. Aquests els han preparat uns jocs que els han resultat molt divertits i entretinguts. S&#8217;ho han passat d&#8217;all\u00f2 m\u00e9s b\u00e9! Segur que a partir d&#8217;ara els posarem en pr\u00e0ctica m\u00e9s sovint.<\/p>\n<p><a href=\"https:\/\/agora.xtec.cat\/esc-jmaragall-sabadell\/wp-content\/uploads\/usu1082\/2023\/02\/WhatsApp-Image-2023-02-14-at-13.17.08.jpeg\"><img loading=\"lazy\" decoding=\"async\" class=\"wp-image-5677 alignleft\" src=\"https:\/\/agora.xtec.cat\/esc-jmaragall-sabadell\/wp-content\/uploads\/usu1082\/2023\/02\/WhatsApp-Image-2023-02-14-at-13.17.08-1024x766.jpeg\" alt=\"\" width=\"286\" height=\"214\" srcset=\"https:\/\/agora.xtec.cat\/esc-jmaragall-sabadell\/wp-content\/uploads\/usu1082\/2023\/02\/WhatsApp-Image-2023-02-14-at-13.17.08-1024x766.jpeg 1024w, https:\/\/agora.xtec.cat\/esc-jmaragall-sabadell\/wp-content\/uploads\/usu1082\/2023\/02\/WhatsApp-Image-2023-02-14-at-13.17.08-300x224.jpeg 300w, https:\/\/agora.xtec.cat\/esc-jmaragall-sabadell\/wp-content\/uploads\/usu1082\/2023\/02\/WhatsApp-Image-2023-02-14-at-13.17.08-768x575.jpeg 768w, https:\/\/agora.xtec.cat\/esc-jmaragall-sabadell\/wp-content\/uploads\/usu1082\/2023\/02\/WhatsApp-Image-2023-02-14-at-13.17.08-1536x1149.jpeg 1536w, https:\/\/agora.xtec.cat\/esc-jmaragall-sabadell\/wp-content\/uploads\/usu1082\/2023\/02\/WhatsApp-Image-2023-02-14-at-13.17.08-200x150.jpeg 200w, https:\/\/agora.xtec.cat\/esc-jmaragall-sabadell\/wp-content\/uploads\/usu1082\/2023\/02\/WhatsApp-Image-2023-02-14-at-13.17.08.jpeg 2048w\" sizes=\"auto, (max-width: 286px) 100vw, 286px\" \/><\/a><\/p>\n<p><a href=\"https:\/\/agora.xtec.cat\/esc-jmaragall-sabadell\/wp-content\/uploads\/usu1082\/2023\/02\/WhatsApp-Image-2023-02-14-at-13.17.10.jpeg\"><img loading=\"lazy\" decoding=\"async\" class=\"wp-image-5678 alignleft\" src=\"https:\/\/agora.xtec.cat\/esc-jmaragall-sabadell\/wp-content\/uploads\/usu1082\/2023\/02\/WhatsApp-Image-2023-02-14-at-13.17.10-1024x766.jpeg\" alt=\"\" width=\"286\" height=\"214\" srcset=\"https:\/\/agora.xtec.cat\/esc-jmaragall-sabadell\/wp-content\/uploads\/usu1082\/2023\/02\/WhatsApp-Image-2023-02-14-at-13.17.10-1024x766.jpeg 1024w, https:\/\/agora.xtec.cat\/esc-jmaragall-sabadell\/wp-content\/uploads\/usu1082\/2023\/02\/WhatsApp-Image-2023-02-14-at-13.17.10-300x224.jpeg 300w, https:\/\/agora.xtec.cat\/esc-jmaragall-sabadell\/wp-content\/uploads\/usu1082\/2023\/02\/WhatsApp-Image-2023-02-14-at-13.17.10-768x575.jpeg 768w, https:\/\/agora.xtec.cat\/esc-jmaragall-sabadell\/wp-content\/uploads\/usu1082\/2023\/02\/WhatsApp-Image-2023-02-14-at-13.17.10-1536x1149.jpeg 1536w, https:\/\/agora.xtec.cat\/esc-jmaragall-sabadell\/wp-content\/uploads\/usu1082\/2023\/02\/WhatsApp-Image-2023-02-14-at-13.17.10-200x150.jpeg 200w, https:\/\/agora.xtec.cat\/esc-jmaragall-sabadell\/wp-content\/uploads\/usu1082\/2023\/02\/WhatsApp-Image-2023-02-14-at-13.17.10.jpeg 2048w\" sizes=\"auto, (max-width: 286px) 100vw, 286px\" \/><\/a><\/p>\n","protected":false},"excerpt":{"rendered":"<p>Avui els alumnes de 5\u00e8 han gaudit d&#8217;una jornada d&#8217;esbarjo compartida amb els alumnes de 4t. Aquests els han preparat uns jocs que els han resultat molt divertits i entretinguts. S&#8217;ho han passat d&#8217;all\u00f2 m\u00e9s b\u00e9! Segur que a partir d&#8217;ara els posarem en pr\u00e0ctica&hellip;  <a href=\"https:\/\/agora.xtec.cat\/esc-jmaragall-sabadell\/general\/compartim-esbarjo\/\" title=\"Read Compartim esbarjo!\">Llegeix m\u00e9s\u00bb<\/a><\/p>\n","protected":false},"author":109,"featured_media":0,"comment_status":"open","ping_status":"closed","sticky":false,"template":"","format":"standard","meta":{"_bbp_topic_count":0,"_bbp_reply_count":0,"_bbp_total_topic_count":0,"_bbp_total_reply_count":0,"_bbp_voice_count":0,"_bbp_anonymous_reply_count":0,"_bbp_topic_count_hidden":0,"_bbp_reply_count_hidden":0,"_bbp_forum_subforum_count":0,"footnotes":""},"categories":[8,1,4,5],"tags":[81,281,71],"class_list":["post-5666","post","type-post","status-publish","format-standard","hentry","category-8","category-general","category-portada","category-primaria","tag-5e","tag-compartim-esbarjo","tag-primaria"],"post_mailing_queue_ids":[],"_links":{"self":[{"href":"https:\/\/agora.xtec.cat\/esc-jmaragall-sabadell\/wp-json\/wp\/v2\/posts\/5666","targetHints":{"allow":["GET"]}}],"collection":[{"href":"https:\/\/agora.xtec.cat\/esc-jmaragall-sabadell\/wp-json\/wp\/v2\/posts"}],"about":[{"href":"https:\/\/agora.xtec.cat\/esc-jmaragall-sabadell\/wp-json\/wp\/v2\/types\/post"}],"author":[{"embeddable":true,"href":"https:\/\/agora.xtec.cat\/esc-jmaragall-sabadell\/wp-json\/wp\/v2\/users\/109"}],"replies":[{"embeddable":true,"href":"https:\/\/agora.xtec.cat\/esc-jmaragall-sabadell\/wp-json\/wp\/v2\/comments?post=5666"}],"version-history":[{"count":2,"href":"https:\/\/agora.xtec.cat\/esc-jmaragall-sabadell\/wp-json\/wp\/v2\/posts\/5666\/revisions"}],"predecessor-version":[{"id":5682,"href":"https:\/\/agora.xtec.cat\/esc-jmaragall-sabadell\/wp-json\/wp\/v2\/posts\/5666\/revisions\/5682"}],"wp:attachment":[{"href":"https:\/\/agora.xtec.cat\/esc-jmaragall-sabadell\/wp-json\/wp\/v2\/media?parent=5666"}],"wp:term":[{"taxonomy":"category","embeddable":true,"href":"https:\/\/agora.xtec.cat\/esc-jmaragall-sabadell\/wp-json\/wp\/v2\/categories?post=5666"},{"taxonomy":"post_tag","embeddable":true,"href":"https:\/\/agora.xtec.cat\/esc-jmaragall-sabadell\/wp-json\/wp\/v2\/tags?post=5666"}],"curies":[{"name":"wp","href":"https:\/\/api.w.org\/{rel}","templated":true}]}}