{"id":5646,"date":"2023-02-08T23:12:50","date_gmt":"2023-02-08T22:12:50","guid":{"rendered":"https:\/\/agora.xtec.cat\/esc-jmaragall-sabadell\/?p=5646"},"modified":"2023-02-08T23:12:50","modified_gmt":"2023-02-08T22:12:50","slug":"tallers-agusti-serra","status":"publish","type":"post","link":"https:\/\/agora.xtec.cat\/esc-jmaragall-sabadell\/general\/tallers-agusti-serra\/","title":{"rendered":"TALLERS: Agust\u00ed Serra"},"content":{"rendered":"<p>Mireu fam\u00edlies,<\/p>\n<p>El nostre alumnat de sis\u00e8 ja han comen\u00e7at a donar uns passos cap al institut. Avui hem visitat l&#8217;institut Agust\u00ed Serra i han fet diferents tallers per con\u00e8ixer una mica el centre.<\/p>\n<p>S&#8217;ho han passat molt b\u00e9!! Ara, tenen m\u00e9s ganes de comen\u00e7ar una nova etapa.<\/p>\n<p><a href=\"https:\/\/agora.xtec.cat\/esc-jmaragall-sabadell\/wp-content\/uploads\/usu1082\/2023\/02\/WhatsApp-Image-2023-02-08-at-22.35.25-9.jpeg\"><img loading=\"lazy\" decoding=\"async\" class=\"wp-image-5647 alignleft\" src=\"https:\/\/agora.xtec.cat\/esc-jmaragall-sabadell\/wp-content\/uploads\/usu1082\/2023\/02\/WhatsApp-Image-2023-02-08-at-22.35.25-9.jpeg\" alt=\"\" width=\"325\" height=\"243\" srcset=\"https:\/\/agora.xtec.cat\/esc-jmaragall-sabadell\/wp-content\/uploads\/usu1082\/2023\/02\/WhatsApp-Image-2023-02-08-at-22.35.25-9.jpeg 1024w, https:\/\/agora.xtec.cat\/esc-jmaragall-sabadell\/wp-content\/uploads\/usu1082\/2023\/02\/WhatsApp-Image-2023-02-08-at-22.35.25-9-300x225.jpeg 300w, https:\/\/agora.xtec.cat\/esc-jmaragall-sabadell\/wp-content\/uploads\/usu1082\/2023\/02\/WhatsApp-Image-2023-02-08-at-22.35.25-9-768x576.jpeg 768w, https:\/\/agora.xtec.cat\/esc-jmaragall-sabadell\/wp-content\/uploads\/usu1082\/2023\/02\/WhatsApp-Image-2023-02-08-at-22.35.25-9-200x150.jpeg 200w\" sizes=\"auto, (max-width: 325px) 100vw, 325px\" \/><\/a> <a href=\"https:\/\/agora.xtec.cat\/esc-jmaragall-sabadell\/wp-content\/uploads\/usu1082\/2023\/02\/WhatsApp-Image-2023-02-08-at-22.35.25-8.jpeg\"><img loading=\"lazy\" decoding=\"async\" class=\"wp-image-5648 alignright\" src=\"https:\/\/agora.xtec.cat\/esc-jmaragall-sabadell\/wp-content\/uploads\/usu1082\/2023\/02\/WhatsApp-Image-2023-02-08-at-22.35.25-8.jpeg\" alt=\"\" width=\"267\" height=\"200\" srcset=\"https:\/\/agora.xtec.cat\/esc-jmaragall-sabadell\/wp-content\/uploads\/usu1082\/2023\/02\/WhatsApp-Image-2023-02-08-at-22.35.25-8.jpeg 1024w, https:\/\/agora.xtec.cat\/esc-jmaragall-sabadell\/wp-content\/uploads\/usu1082\/2023\/02\/WhatsApp-Image-2023-02-08-at-22.35.25-8-300x225.jpeg 300w, https:\/\/agora.xtec.cat\/esc-jmaragall-sabadell\/wp-content\/uploads\/usu1082\/2023\/02\/WhatsApp-Image-2023-02-08-at-22.35.25-8-768x576.jpeg 768w, https:\/\/agora.xtec.cat\/esc-jmaragall-sabadell\/wp-content\/uploads\/usu1082\/2023\/02\/WhatsApp-Image-2023-02-08-at-22.35.25-8-200x150.jpeg 200w\" sizes=\"auto, (max-width: 267px) 100vw, 267px\" \/><\/a> <a href=\"https:\/\/agora.xtec.cat\/esc-jmaragall-sabadell\/wp-content\/uploads\/usu1082\/2023\/02\/WhatsApp-Image-2023-02-08-at-22.35.25-7.jpeg\"><img loading=\"lazy\" decoding=\"async\" class=\"aligncenter size-full wp-image-5649\" src=\"https:\/\/agora.xtec.cat\/esc-jmaragall-sabadell\/wp-content\/uploads\/usu1082\/2023\/02\/WhatsApp-Image-2023-02-08-at-22.35.25-7.jpeg\" alt=\"\" width=\"1024\" height=\"768\" srcset=\"https:\/\/agora.xtec.cat\/esc-jmaragall-sabadell\/wp-content\/uploads\/usu1082\/2023\/02\/WhatsApp-Image-2023-02-08-at-22.35.25-7.jpeg 1024w, https:\/\/agora.xtec.cat\/esc-jmaragall-sabadell\/wp-content\/uploads\/usu1082\/2023\/02\/WhatsApp-Image-2023-02-08-at-22.35.25-7-300x225.jpeg 300w, https:\/\/agora.xtec.cat\/esc-jmaragall-sabadell\/wp-content\/uploads\/usu1082\/2023\/02\/WhatsApp-Image-2023-02-08-at-22.35.25-7-768x576.jpeg 768w, https:\/\/agora.xtec.cat\/esc-jmaragall-sabadell\/wp-content\/uploads\/usu1082\/2023\/02\/WhatsApp-Image-2023-02-08-at-22.35.25-7-200x150.jpeg 200w\" sizes=\"auto, (max-width: 1024px) 100vw, 1024px\" \/><\/a><\/p>\n","protected":false},"excerpt":{"rendered":"<p>Mireu fam\u00edlies,<br \/>\nEl nostre alumnat de sis\u00e8 ja han comen\u00e7at a donar uns passos cap al institut. Avui hem visitat l&#8217;institut Agust\u00ed Serra i han fet diferents tallers per con\u00e8ixer una mica el centre.<br \/>\nS&#8217;ho han passat molt b\u00e9!! Ara, tenen m\u00e9s ganes de comen\u00e7ar una nova&hellip;  <a href=\"https:\/\/agora.xtec.cat\/esc-jmaragall-sabadell\/general\/tallers-agusti-serra\/\" title=\"Read TALLERS: Agust\u00ed Serra\">Llegeix m\u00e9s\u00bb<\/a><\/p>\n","protected":false},"author":70,"featured_media":5648,"comment_status":"open","ping_status":"closed","sticky":false,"template":"","format":"standard","meta":{"_bbp_topic_count":0,"_bbp_reply_count":0,"_bbp_total_topic_count":0,"_bbp_total_reply_count":0,"_bbp_voice_count":0,"_bbp_anonymous_reply_count":0,"_bbp_topic_count_hidden":0,"_bbp_reply_count_hidden":0,"_bbp_forum_subforum_count":0,"footnotes":""},"categories":[1,9,55],"tags":[],"class_list":["post-5646","post","type-post","status-publish","format-standard","has-post-thumbnail","hentry","category-general","category-1423a","category-1423b"],"post_mailing_queue_ids":[],"_links":{"self":[{"href":"https:\/\/agora.xtec.cat\/esc-jmaragall-sabadell\/wp-json\/wp\/v2\/posts\/5646","targetHints":{"allow":["GET"]}}],"collection":[{"href":"https:\/\/agora.xtec.cat\/esc-jmaragall-sabadell\/wp-json\/wp\/v2\/posts"}],"about":[{"href":"https:\/\/agora.xtec.cat\/esc-jmaragall-sabadell\/wp-json\/wp\/v2\/types\/post"}],"author":[{"embeddable":true,"href":"https:\/\/agora.xtec.cat\/esc-jmaragall-sabadell\/wp-json\/wp\/v2\/users\/70"}],"replies":[{"embeddable":true,"href":"https:\/\/agora.xtec.cat\/esc-jmaragall-sabadell\/wp-json\/wp\/v2\/comments?post=5646"}],"version-history":[{"count":1,"href":"https:\/\/agora.xtec.cat\/esc-jmaragall-sabadell\/wp-json\/wp\/v2\/posts\/5646\/revisions"}],"predecessor-version":[{"id":5650,"href":"https:\/\/agora.xtec.cat\/esc-jmaragall-sabadell\/wp-json\/wp\/v2\/posts\/5646\/revisions\/5650"}],"wp:featuredmedia":[{"embeddable":true,"href":"https:\/\/agora.xtec.cat\/esc-jmaragall-sabadell\/wp-json\/wp\/v2\/media\/5648"}],"wp:attachment":[{"href":"https:\/\/agora.xtec.cat\/esc-jmaragall-sabadell\/wp-json\/wp\/v2\/media?parent=5646"}],"wp:term":[{"taxonomy":"category","embeddable":true,"href":"https:\/\/agora.xtec.cat\/esc-jmaragall-sabadell\/wp-json\/wp\/v2\/categories?post=5646"},{"taxonomy":"post_tag","embeddable":true,"href":"https:\/\/agora.xtec.cat\/esc-jmaragall-sabadell\/wp-json\/wp\/v2\/tags?post=5646"}],"curies":[{"name":"wp","href":"https:\/\/api.w.org\/{rel}","templated":true}]}}