{"id":5564,"date":"2023-02-08T22:58:11","date_gmt":"2023-02-08T21:58:11","guid":{"rendered":"https:\/\/agora.xtec.cat\/esc-jmaragall-sabadell\/?p=5564"},"modified":"2023-02-08T22:58:11","modified_gmt":"2023-02-08T21:58:11","slug":"els-deserts-mes-grans-del-mon","status":"publish","type":"post","link":"https:\/\/agora.xtec.cat\/esc-jmaragall-sabadell\/general\/els-deserts-mes-grans-del-mon\/","title":{"rendered":"Els Deserts m\u00e9s grans del m\u00f3n."},"content":{"rendered":"<p><strong>Estimades fam\u00edlies!!<\/strong><\/p>\n<p><strong>Els nens\u00a0 i nenes de 6\u00e9B estan fent un projecte sobre els deserts.\u00a0<\/strong><\/p>\n<p><strong>El Primer desert es diu S\u00e0hara\u00a0<span class=\"hiddenGrammarError\" style=\"padding-bottom: 2px; background-image: url('..\/..\/..\/..\/..\/images\/squiggle.png'); background-position: left bottom; cursor: default; color: #000000; font-family: 'Open Sans', Helvetica, Arial, sans-serif; font-size: 16px; font-style: normal; letter-spacing: normal; text-align: start; text-indent: 0px; text-transform: none;\">\u00e9s<\/span>\u00a0localitzar per deu pa\u00efsos d&#8217;\u00c0frica, Marroc, Alg\u00e8ria, Txad, Egipte, L\u00edbia, Mali, Maurit\u00e0nia, N\u00edger, Sudan i Tun\u00edsia. El S\u00e0hara s&#8217;est\u00e9n des del mar vermell, incloent-hi parts de la costa del Mediterrani fins a l&#8217;oce\u00e0 Atl\u00e0ntic.<\/strong><\/p>\n<p><strong>El Segon desert es diu Ar\u00e0bia\u00a0<span class=\"hiddenGrammarError\" style=\"padding-bottom: 2px; background-image: url('..\/..\/..\/..\/..\/images\/squiggle.png'); background-position: left bottom; cursor: default; color: #000000; font-family: 'Open Sans', Helvetica, Arial, sans-serif; font-size: 16px; font-style: normal; letter-spacing: normal; text-align: start; text-indent: 0px; text-transform: none;\">\u00e9s<\/span>\u00a0localitzar a Ar\u00e0bia Saudita; aix\u00ed mateix, altres grans zones ja ho feien a l&#8217;interior de Jord\u00e0nia, Iraq, Qatar,\u00a0<span class=\"hiddenSpellError\">Bar\u00e9in<\/span>, Kuwait, Oman, Mamen i els Emirats\u00a0<span class=\"hiddenSpellError\">\u00c0rabes<\/span>\u00a0Unides<span class=\"hiddenGrammarError\">.Ar\u00e0bia<\/span>\u00a0(tamb\u00e9 coneguda com a pen\u00ednsula ar\u00e0biga) \u00e9s una pen\u00ednsula ubicada a la conflu\u00e8ncia d&#8217;\u00c0frica i \u00c0sia.<\/strong><\/p>\n<p><img decoding=\"async\" src=\"https:\/\/cdn.getyourguide.com\/img\/location\/5cf8e8653f7c6.jpeg\/99.jpg\" alt=\"MEJORES actividades y cosas que ver en Desierto del S\u00e1hara en 2023, cancelaci\u00f3n GRATIS | GetYourGuide\" \/><\/p>\n<p>&nbsp;<\/p>\n","protected":false},"excerpt":{"rendered":"<p>Estimades fam\u00edlies!!<br \/>\nEls nens\u00a0 i nenes de 6\u00e9B estan fent un projecte sobre els deserts.\u00a0<br \/>\nEl Primer desert es diu S\u00e0hara\u00a0\u00e9s\u00a0localitzar per deu pa\u00efsos d&#8217;\u00c0frica, Marroc, Alg\u00e8ria, Txad, Egipte, L\u00edbia, Mali, Maurit\u00e0nia, N\u00edger, Sudan i Tun\u00edsia. El S\u00e0hara s&#8217;est\u00e9n des del mar vermell, incloent-hi parts de la&hellip;  <a href=\"https:\/\/agora.xtec.cat\/esc-jmaragall-sabadell\/general\/els-deserts-mes-grans-del-mon\/\" title=\"Read Els Deserts m\u00e9s grans del m\u00f3n.\">Llegeix m\u00e9s\u00bb<\/a><\/p>\n","protected":false},"author":137,"featured_media":0,"comment_status":"open","ping_status":"closed","sticky":false,"template":"","format":"standard","meta":{"_bbp_topic_count":0,"_bbp_reply_count":0,"_bbp_total_topic_count":0,"_bbp_total_reply_count":0,"_bbp_voice_count":0,"_bbp_anonymous_reply_count":0,"_bbp_topic_count_hidden":0,"_bbp_reply_count_hidden":0,"_bbp_forum_subforum_count":0,"footnotes":""},"categories":[8,1,9,55],"tags":[],"class_list":["post-5564","post","type-post","status-publish","format-standard","hentry","category-8","category-general","category-1423a","category-1423b"],"post_mailing_queue_ids":[],"_links":{"self":[{"href":"https:\/\/agora.xtec.cat\/esc-jmaragall-sabadell\/wp-json\/wp\/v2\/posts\/5564","targetHints":{"allow":["GET"]}}],"collection":[{"href":"https:\/\/agora.xtec.cat\/esc-jmaragall-sabadell\/wp-json\/wp\/v2\/posts"}],"about":[{"href":"https:\/\/agora.xtec.cat\/esc-jmaragall-sabadell\/wp-json\/wp\/v2\/types\/post"}],"author":[{"embeddable":true,"href":"https:\/\/agora.xtec.cat\/esc-jmaragall-sabadell\/wp-json\/wp\/v2\/users\/137"}],"replies":[{"embeddable":true,"href":"https:\/\/agora.xtec.cat\/esc-jmaragall-sabadell\/wp-json\/wp\/v2\/comments?post=5564"}],"version-history":[{"count":3,"href":"https:\/\/agora.xtec.cat\/esc-jmaragall-sabadell\/wp-json\/wp\/v2\/posts\/5564\/revisions"}],"predecessor-version":[{"id":5636,"href":"https:\/\/agora.xtec.cat\/esc-jmaragall-sabadell\/wp-json\/wp\/v2\/posts\/5564\/revisions\/5636"}],"wp:attachment":[{"href":"https:\/\/agora.xtec.cat\/esc-jmaragall-sabadell\/wp-json\/wp\/v2\/media?parent=5564"}],"wp:term":[{"taxonomy":"category","embeddable":true,"href":"https:\/\/agora.xtec.cat\/esc-jmaragall-sabadell\/wp-json\/wp\/v2\/categories?post=5564"},{"taxonomy":"post_tag","embeddable":true,"href":"https:\/\/agora.xtec.cat\/esc-jmaragall-sabadell\/wp-json\/wp\/v2\/tags?post=5564"}],"curies":[{"name":"wp","href":"https:\/\/api.w.org\/{rel}","templated":true}]}}