{"id":5563,"date":"2023-01-31T10:59:01","date_gmt":"2023-01-31T09:59:01","guid":{"rendered":"https:\/\/agora.xtec.cat\/esc-jmaragall-sabadell\/?p=5563"},"modified":"2023-02-08T22:52:43","modified_gmt":"2023-02-08T21:52:43","slug":"antoni-gaudi-cornet","status":"publish","type":"post","link":"https:\/\/agora.xtec.cat\/esc-jmaragall-sabadell\/general\/antoni-gaudi-cornet\/","title":{"rendered":"ANTONI GAUD\u00cd CORNET"},"content":{"rendered":"<h5>Hola, estimades fam\u00edlies!<\/h5>\n<h5>Els nens i nenes, de 6\u00e9B vam treballar un projecte de l&#8217;artista Antoni Gaud\u00ed Cornet. Antoni Gaud\u00ed i Cornet \u00e9s un arquitecte catal\u00e0. Va n\u00e9ixer en l\u00b4any 1852, i va morir en l&#8217;any 1926. Va morir atropellat per un tramvia.<\/h5>\n<h5>Utilitzant la seva t\u00e8cnica: el trencad\u00eds i hem decorat el nostre passad\u00eds. Qu\u00e8 b\u00e9 ens ha quedat!<\/h5>\n<h5>L&#8217;Antoni Gaud\u00ed va ser un perfecte artista. La idea de construir la Sagrada Fam\u00edlia no va ser de l&#8217;Antoni, va ser d&#8217;un amic seu. Es va comen\u00e7ar a construir l&#8217;any 1915 i encara no ha finalitzat.<\/h5>\n<p>&nbsp;<\/p>\n<h5><img loading=\"lazy\" decoding=\"async\" class=\"alignleft\" src=\"https:\/\/upload.wikimedia.org\/wikipedia\/commons\/7\/70\/Sagrada_Familia_2021.jpg\" alt=\"Sagrada Fam\u00edlia - Wikipedia\" width=\"199\" height=\"249\" \/><\/h5>\n<p><span class=\"Y2IQFc\" lang=\"ca\" style=\"font-family: inherit; font-size: 1em;\"><img loading=\"lazy\" decoding=\"async\" class=\"aligncenter\" src=\"https:\/\/upload.wikimedia.org\/wikipedia\/commons\/thumb\/7\/72\/Antoni_Gaudi_1878.jpg\/1200px-Antoni_Gaudi_1878.jpg\" alt=\"Antoni Gaud\u00ed - Wikipedia\" width=\"207\" height=\"281\" \/><\/span><\/p>\n","protected":false},"excerpt":{"rendered":"<p>Hola, estimades fam\u00edlies!<br \/>\nEls nens i nenes, de 6\u00e9B vam treballar un projecte de l&#8217;artista Antoni Gaud\u00ed Cornet. Antoni Gaud\u00ed i Cornet \u00e9s un arquitecte catal\u00e0. Va n\u00e9ixer en l\u00b4any 1852, i va morir en l&#8217;any 1926. Va morir atropellat per un tramvia.<br \/>\nUtilitzant la seva t\u00e8cnica:&hellip;  <a href=\"https:\/\/agora.xtec.cat\/esc-jmaragall-sabadell\/general\/antoni-gaudi-cornet\/\" title=\"Read ANTONI GAUD\u00cd CORNET\">Llegeix m\u00e9s\u00bb<\/a><\/p>\n","protected":false},"author":110,"featured_media":0,"comment_status":"open","ping_status":"closed","sticky":false,"template":"","format":"standard","meta":{"_bbp_topic_count":0,"_bbp_reply_count":0,"_bbp_total_topic_count":0,"_bbp_total_reply_count":0,"_bbp_voice_count":0,"_bbp_anonymous_reply_count":0,"_bbp_topic_count_hidden":0,"_bbp_reply_count_hidden":0,"_bbp_forum_subforum_count":0,"footnotes":""},"categories":[1,5,55],"tags":[],"class_list":["post-5563","post","type-post","status-publish","format-standard","hentry","category-general","category-primaria","category-1423b"],"post_mailing_queue_ids":[],"_links":{"self":[{"href":"https:\/\/agora.xtec.cat\/esc-jmaragall-sabadell\/wp-json\/wp\/v2\/posts\/5563","targetHints":{"allow":["GET"]}}],"collection":[{"href":"https:\/\/agora.xtec.cat\/esc-jmaragall-sabadell\/wp-json\/wp\/v2\/posts"}],"about":[{"href":"https:\/\/agora.xtec.cat\/esc-jmaragall-sabadell\/wp-json\/wp\/v2\/types\/post"}],"author":[{"embeddable":true,"href":"https:\/\/agora.xtec.cat\/esc-jmaragall-sabadell\/wp-json\/wp\/v2\/users\/110"}],"replies":[{"embeddable":true,"href":"https:\/\/agora.xtec.cat\/esc-jmaragall-sabadell\/wp-json\/wp\/v2\/comments?post=5563"}],"version-history":[{"count":3,"href":"https:\/\/agora.xtec.cat\/esc-jmaragall-sabadell\/wp-json\/wp\/v2\/posts\/5563\/revisions"}],"predecessor-version":[{"id":5628,"href":"https:\/\/agora.xtec.cat\/esc-jmaragall-sabadell\/wp-json\/wp\/v2\/posts\/5563\/revisions\/5628"}],"wp:attachment":[{"href":"https:\/\/agora.xtec.cat\/esc-jmaragall-sabadell\/wp-json\/wp\/v2\/media?parent=5563"}],"wp:term":[{"taxonomy":"category","embeddable":true,"href":"https:\/\/agora.xtec.cat\/esc-jmaragall-sabadell\/wp-json\/wp\/v2\/categories?post=5563"},{"taxonomy":"post_tag","embeddable":true,"href":"https:\/\/agora.xtec.cat\/esc-jmaragall-sabadell\/wp-json\/wp\/v2\/tags?post=5563"}],"curies":[{"name":"wp","href":"https:\/\/api.w.org\/{rel}","templated":true}]}}