{"id":5537,"date":"2023-01-31T10:50:32","date_gmt":"2023-01-31T09:50:32","guid":{"rendered":"https:\/\/agora.xtec.cat\/esc-jmaragall-sabadell\/?p=5537"},"modified":"2023-02-08T22:54:32","modified_gmt":"2023-02-08T21:54:32","slug":"billy-elliot","status":"publish","type":"post","link":"https:\/\/agora.xtec.cat\/esc-jmaragall-sabadell\/general\/billy-elliot\/","title":{"rendered":"Billy Elliot"},"content":{"rendered":"<p>Estimades fam\u00edlies!!<\/p>\n<p>El dia 20 de gener del 2023 va venir un noi a l&#8217;escola per fer-nos una representaci\u00f3 de Billy Elliot. Els nois i les noies de 6\u00e9 i 5\u00e9 vam poder gaudir molt de la seva representaci\u00f3 i tamb\u00e9 vam cantar cinc can\u00e7ons amb ell. Quan vam acabar de cantar li vam poder fer unes preguntes al noi. Al acabar de fer-li les preguntes ja eren les 15:55 hores i vam marxar cap a casa.<\/p>\n<p>Per qui no s\u00e0piga qui \u00e9s Billy Elliot: Ell \u00e9s un nen que vol ser ballar\u00ed per\u00f2 el seu pare no li deixava ballar. El seu pare vol que sigui boxejador professional.<\/p>\n<p>Vam gaudir molt el teatre!!<\/p>\n<p><img loading=\"lazy\" decoding=\"async\" class=\"\" src=\"https:\/\/www.donostiakultura.eus\/imgs\/particulares\/casas-cultura\/casares-tomasene\/agenda\/2023\/02-otsaila\/billie_elliot_handia.jpg\" alt=\"Billy Elliot - San Sebasti\u00e1n, ciudad de la cultura\" width=\"366\" height=\"244\" \/><\/p>\n<p>&nbsp;<\/p>\n<p>&nbsp;<\/p>\n<p>&nbsp;<\/p>\n<p>&nbsp;<\/p>\n<p>&nbsp;<\/p>\n<p>&nbsp;<\/p>\n<p>&nbsp;<\/p>\n","protected":false},"excerpt":{"rendered":"<p>Estimades fam\u00edlies!!<br \/>\nEl dia 20 de gener del 2023 va venir un noi a l&#8217;escola per fer-nos una representaci\u00f3 de Billy Elliot. Els nois i les noies de 6\u00e9 i 5\u00e9 vam poder gaudir molt de la seva representaci\u00f3 i tamb\u00e9 vam cantar cinc can\u00e7ons amb&hellip;  <a href=\"https:\/\/agora.xtec.cat\/esc-jmaragall-sabadell\/general\/billy-elliot\/\" title=\"Read Billy Elliot\">Llegeix m\u00e9s\u00bb<\/a><\/p>\n","protected":false},"author":136,"featured_media":0,"comment_status":"open","ping_status":"closed","sticky":false,"template":"","format":"standard","meta":{"_bbp_topic_count":0,"_bbp_reply_count":0,"_bbp_total_topic_count":0,"_bbp_total_reply_count":0,"_bbp_voice_count":0,"_bbp_anonymous_reply_count":0,"_bbp_topic_count_hidden":0,"_bbp_reply_count_hidden":0,"_bbp_forum_subforum_count":0,"footnotes":""},"categories":[8,1,9,55],"tags":[],"class_list":["post-5537","post","type-post","status-publish","format-standard","hentry","category-8","category-general","category-1423a","category-1423b"],"post_mailing_queue_ids":[],"_links":{"self":[{"href":"https:\/\/agora.xtec.cat\/esc-jmaragall-sabadell\/wp-json\/wp\/v2\/posts\/5537","targetHints":{"allow":["GET"]}}],"collection":[{"href":"https:\/\/agora.xtec.cat\/esc-jmaragall-sabadell\/wp-json\/wp\/v2\/posts"}],"about":[{"href":"https:\/\/agora.xtec.cat\/esc-jmaragall-sabadell\/wp-json\/wp\/v2\/types\/post"}],"author":[{"embeddable":true,"href":"https:\/\/agora.xtec.cat\/esc-jmaragall-sabadell\/wp-json\/wp\/v2\/users\/136"}],"replies":[{"embeddable":true,"href":"https:\/\/agora.xtec.cat\/esc-jmaragall-sabadell\/wp-json\/wp\/v2\/comments?post=5537"}],"version-history":[{"count":3,"href":"https:\/\/agora.xtec.cat\/esc-jmaragall-sabadell\/wp-json\/wp\/v2\/posts\/5537\/revisions"}],"predecessor-version":[{"id":5631,"href":"https:\/\/agora.xtec.cat\/esc-jmaragall-sabadell\/wp-json\/wp\/v2\/posts\/5537\/revisions\/5631"}],"wp:attachment":[{"href":"https:\/\/agora.xtec.cat\/esc-jmaragall-sabadell\/wp-json\/wp\/v2\/media?parent=5537"}],"wp:term":[{"taxonomy":"category","embeddable":true,"href":"https:\/\/agora.xtec.cat\/esc-jmaragall-sabadell\/wp-json\/wp\/v2\/categories?post=5537"},{"taxonomy":"post_tag","embeddable":true,"href":"https:\/\/agora.xtec.cat\/esc-jmaragall-sabadell\/wp-json\/wp\/v2\/tags?post=5537"}],"curies":[{"name":"wp","href":"https:\/\/api.w.org\/{rel}","templated":true}]}}