{"id":5432,"date":"2023-01-11T13:39:35","date_gmt":"2023-01-11T12:39:35","guid":{"rendered":"https:\/\/agora.xtec.cat\/esc-jmaragall-sabadell\/?p=5432"},"modified":"2023-01-11T13:39:35","modified_gmt":"2023-01-11T12:39:35","slug":"els-reis-mags-ens-porten-regals-a-cicle-mitja","status":"publish","type":"post","link":"https:\/\/agora.xtec.cat\/esc-jmaragall-sabadell\/general\/els-reis-mags-ens-porten-regals-a-cicle-mitja\/","title":{"rendered":"Els Reis Mags ens porten regals a Cicle Mitj\u00e0!"},"content":{"rendered":"<p>Hola fam\u00edlies!<\/p>\n<p>Dilluns vam tornar a l&#8217;escola carregades de moltes emocions i de moltes ganes de tornar a retrobar-nos amb els nostres amics i amigues, les nostres mestres, les monitores&#8230; el que no sab\u00edem era la sorpresa que ens esperava&#8230; nom\u00e9s entrar al nostre edifici ens vam trobar una taula plena de regals que ens van deixar els reis! Quina il\u00b7lusi\u00f3 que ens va fer! Ens han portat molts llibres, jocs, multicubs&#8230; perqu\u00e8 ens poguem continuar divertint i aprenent a la classe! Moltes gr\u00e0cies Reis Mags!<\/p>\n<p><a href=\"https:\/\/agora.xtec.cat\/esc-jmaragall-sabadell\/wp-content\/uploads\/usu1082\/2023\/01\/20230109_093558.jpg\"><img loading=\"lazy\" decoding=\"async\" class=\"alignnone  wp-image-5434\" src=\"https:\/\/agora.xtec.cat\/esc-jmaragall-sabadell\/wp-content\/uploads\/usu1082\/2023\/01\/20230109_093558.jpg\" alt=\"\" width=\"332\" height=\"249\" srcset=\"https:\/\/agora.xtec.cat\/esc-jmaragall-sabadell\/wp-content\/uploads\/usu1082\/2023\/01\/20230109_093558.jpg 591w, https:\/\/agora.xtec.cat\/esc-jmaragall-sabadell\/wp-content\/uploads\/usu1082\/2023\/01\/20230109_093558-300x225.jpg 300w, https:\/\/agora.xtec.cat\/esc-jmaragall-sabadell\/wp-content\/uploads\/usu1082\/2023\/01\/20230109_093558-200x150.jpg 200w\" sizes=\"auto, (max-width: 332px) 100vw, 332px\" \/><\/a><a href=\"https:\/\/agora.xtec.cat\/esc-jmaragall-sabadell\/wp-content\/uploads\/usu1082\/2023\/01\/20230109_093615.jpg\"><img loading=\"lazy\" decoding=\"async\" class=\"alignnone  wp-image-5435\" src=\"https:\/\/agora.xtec.cat\/esc-jmaragall-sabadell\/wp-content\/uploads\/usu1082\/2023\/01\/20230109_093615.jpg\" alt=\"\" width=\"253\" height=\"248\" srcset=\"https:\/\/agora.xtec.cat\/esc-jmaragall-sabadell\/wp-content\/uploads\/usu1082\/2023\/01\/20230109_093615.jpg 517w, https:\/\/agora.xtec.cat\/esc-jmaragall-sabadell\/wp-content\/uploads\/usu1082\/2023\/01\/20230109_093615-300x294.jpg 300w\" sizes=\"auto, (max-width: 253px) 100vw, 253px\" \/><\/a><\/p>\n<p><a href=\"https:\/\/agora.xtec.cat\/esc-jmaragall-sabadell\/wp-content\/uploads\/usu1082\/2023\/01\/20230109_094017.jpg\"><img loading=\"lazy\" decoding=\"async\" class=\"alignnone  wp-image-5437\" src=\"https:\/\/agora.xtec.cat\/esc-jmaragall-sabadell\/wp-content\/uploads\/usu1082\/2023\/01\/20230109_094017.jpg\" alt=\"\" width=\"205\" height=\"154\" srcset=\"https:\/\/agora.xtec.cat\/esc-jmaragall-sabadell\/wp-content\/uploads\/usu1082\/2023\/01\/20230109_094017.jpg 591w, https:\/\/agora.xtec.cat\/esc-jmaragall-sabadell\/wp-content\/uploads\/usu1082\/2023\/01\/20230109_094017-300x225.jpg 300w, https:\/\/agora.xtec.cat\/esc-jmaragall-sabadell\/wp-content\/uploads\/usu1082\/2023\/01\/20230109_094017-200x150.jpg 200w\" sizes=\"auto, (max-width: 205px) 100vw, 205px\" \/><\/a><a href=\"https:\/\/agora.xtec.cat\/esc-jmaragall-sabadell\/wp-content\/uploads\/usu1082\/2023\/01\/20230109_094533.jpg\"><img loading=\"lazy\" decoding=\"async\" class=\"alignnone  wp-image-5439\" src=\"https:\/\/agora.xtec.cat\/esc-jmaragall-sabadell\/wp-content\/uploads\/usu1082\/2023\/01\/20230109_094533.jpg\" alt=\"\" width=\"192\" height=\"144\" srcset=\"https:\/\/agora.xtec.cat\/esc-jmaragall-sabadell\/wp-content\/uploads\/usu1082\/2023\/01\/20230109_094533.jpg 591w, https:\/\/agora.xtec.cat\/esc-jmaragall-sabadell\/wp-content\/uploads\/usu1082\/2023\/01\/20230109_094533-300x225.jpg 300w, https:\/\/agora.xtec.cat\/esc-jmaragall-sabadell\/wp-content\/uploads\/usu1082\/2023\/01\/20230109_094533-200x150.jpg 200w\" sizes=\"auto, (max-width: 192px) 100vw, 192px\" \/><\/a> <a href=\"https:\/\/agora.xtec.cat\/esc-jmaragall-sabadell\/wp-content\/uploads\/usu1082\/2023\/01\/20230109_094231.jpg\"><img loading=\"lazy\" decoding=\"async\" class=\"alignnone  wp-image-5438\" src=\"https:\/\/agora.xtec.cat\/esc-jmaragall-sabadell\/wp-content\/uploads\/usu1082\/2023\/01\/20230109_094231.jpg\" alt=\"\" width=\"168\" height=\"148\" srcset=\"https:\/\/agora.xtec.cat\/esc-jmaragall-sabadell\/wp-content\/uploads\/usu1082\/2023\/01\/20230109_094231.jpg 545w, https:\/\/agora.xtec.cat\/esc-jmaragall-sabadell\/wp-content\/uploads\/usu1082\/2023\/01\/20230109_094231-300x264.jpg 300w\" sizes=\"auto, (max-width: 168px) 100vw, 168px\" \/><\/a><\/p>\n","protected":false},"excerpt":{"rendered":"<p>Hola fam\u00edlies!<br \/>\nDilluns vam tornar a l&#8217;escola carregades de moltes emocions i de moltes ganes de tornar a retrobar-nos amb els nostres amics i amigues, les nostres mestres, les monitores&#8230; el que no sab\u00edem era la sorpresa que ens esperava&#8230; nom\u00e9s entrar al nostre edifici ens&hellip;  <a href=\"https:\/\/agora.xtec.cat\/esc-jmaragall-sabadell\/general\/els-reis-mags-ens-porten-regals-a-cicle-mitja\/\" title=\"Read Els Reis Mags ens porten regals a Cicle Mitj\u00e0!\">Llegeix m\u00e9s\u00bb<\/a><\/p>\n","protected":false},"author":96,"featured_media":5435,"comment_status":"open","ping_status":"closed","sticky":false,"template":"","format":"standard","meta":{"_bbp_topic_count":0,"_bbp_reply_count":0,"_bbp_total_topic_count":0,"_bbp_total_reply_count":0,"_bbp_voice_count":0,"_bbp_anonymous_reply_count":0,"_bbp_topic_count_hidden":0,"_bbp_reply_count_hidden":0,"_bbp_forum_subforum_count":0,"footnotes":""},"categories":[120,3,1,4],"tags":[90,103,69,71,275],"class_list":["post-5432","post","type-post","status-publish","format-standard","has-post-thumbnail","hentry","category-120","category-3","category-general","category-portada","tag-3ra","tag-4ta","tag-nadal","tag-primaria","tag-reis"],"post_mailing_queue_ids":[],"_links":{"self":[{"href":"https:\/\/agora.xtec.cat\/esc-jmaragall-sabadell\/wp-json\/wp\/v2\/posts\/5432","targetHints":{"allow":["GET"]}}],"collection":[{"href":"https:\/\/agora.xtec.cat\/esc-jmaragall-sabadell\/wp-json\/wp\/v2\/posts"}],"about":[{"href":"https:\/\/agora.xtec.cat\/esc-jmaragall-sabadell\/wp-json\/wp\/v2\/types\/post"}],"author":[{"embeddable":true,"href":"https:\/\/agora.xtec.cat\/esc-jmaragall-sabadell\/wp-json\/wp\/v2\/users\/96"}],"replies":[{"embeddable":true,"href":"https:\/\/agora.xtec.cat\/esc-jmaragall-sabadell\/wp-json\/wp\/v2\/comments?post=5432"}],"version-history":[{"count":2,"href":"https:\/\/agora.xtec.cat\/esc-jmaragall-sabadell\/wp-json\/wp\/v2\/posts\/5432\/revisions"}],"predecessor-version":[{"id":5441,"href":"https:\/\/agora.xtec.cat\/esc-jmaragall-sabadell\/wp-json\/wp\/v2\/posts\/5432\/revisions\/5441"}],"wp:featuredmedia":[{"embeddable":true,"href":"https:\/\/agora.xtec.cat\/esc-jmaragall-sabadell\/wp-json\/wp\/v2\/media\/5435"}],"wp:attachment":[{"href":"https:\/\/agora.xtec.cat\/esc-jmaragall-sabadell\/wp-json\/wp\/v2\/media?parent=5432"}],"wp:term":[{"taxonomy":"category","embeddable":true,"href":"https:\/\/agora.xtec.cat\/esc-jmaragall-sabadell\/wp-json\/wp\/v2\/categories?post=5432"},{"taxonomy":"post_tag","embeddable":true,"href":"https:\/\/agora.xtec.cat\/esc-jmaragall-sabadell\/wp-json\/wp\/v2\/tags?post=5432"}],"curies":[{"name":"wp","href":"https:\/\/api.w.org\/{rel}","templated":true}]}}