{"id":5425,"date":"2022-12-29T09:30:41","date_gmt":"2022-12-29T08:30:41","guid":{"rendered":"https:\/\/agora.xtec.cat\/esc-jmaragall-sabadell\/?p=5425"},"modified":"2022-12-29T09:32:30","modified_gmt":"2022-12-29T08:32:30","slug":"concert-de-nadal-22","status":"publish","type":"post","link":"https:\/\/agora.xtec.cat\/esc-jmaragall-sabadell\/infantil\/concert-de-nadal-22\/","title":{"rendered":"Concert de Nadal 22"},"content":{"rendered":"<p>Us deixem aqu\u00ed les actuacions del concert de Nadal 22.<\/p>\n<p>Va ser un dia ple d&#8217;emocions on l&#8217;alumnat va poder mostrar el treball fet durant aproximadament mes i mig tant amb les mestres d&#8217;educaci\u00f3 infantil com amb la mestra de m\u00fasica. Cal agrair l&#8217;ajuda de les tutores que repassen les can\u00e7ons aquestes \u00faltimes setmanes abans del concert.<\/p>\n<p><iframe loading=\"lazy\" title=\"Nadal sota el mar 4t\" width=\"500\" height=\"281\" src=\"https:\/\/www.youtube.com\/embed\/_HzNlEBsY1g?feature=oembed\" frameborder=\"0\" allow=\"accelerometer; autoplay; clipboard-write; encrypted-media; gyroscope; picture-in-picture; web-share\" referrerpolicy=\"strict-origin-when-cross-origin\" allowfullscreen><\/iframe><\/p>\n<p><iframe loading=\"lazy\" title=\"Has de ser tu mateix 3r\" width=\"500\" height=\"281\" src=\"https:\/\/www.youtube.com\/embed\/suzBZlE45gs?feature=oembed\" frameborder=\"0\" allow=\"accelerometer; autoplay; clipboard-write; encrypted-media; gyroscope; picture-in-picture; web-share\" referrerpolicy=\"strict-origin-when-cross-origin\" allowfullscreen><\/iframe><\/p>\n<p><iframe loading=\"lazy\" title=\"Els homes de neu i5\" width=\"500\" height=\"281\" src=\"https:\/\/www.youtube.com\/embed\/0LsaLIyrLJQ?feature=oembed\" frameborder=\"0\" allow=\"accelerometer; autoplay; clipboard-write; encrypted-media; gyroscope; picture-in-picture; web-share\" referrerpolicy=\"strict-origin-when-cross-origin\" allowfullscreen><\/iframe><\/p>\n<p><iframe loading=\"lazy\" title=\"El Nadal ja \u00e9s aqu\u00ed i4\" width=\"500\" height=\"281\" src=\"https:\/\/www.youtube.com\/embed\/DCu4pU8y3Uk?feature=oembed\" frameborder=\"0\" allow=\"accelerometer; autoplay; clipboard-write; encrypted-media; gyroscope; picture-in-picture; web-share\" referrerpolicy=\"strict-origin-when-cross-origin\" allowfullscreen><\/iframe><\/p>\n<p><iframe loading=\"lazy\" title=\"A l&#039;hivern fa fred i3\" width=\"500\" height=\"281\" src=\"https:\/\/www.youtube.com\/embed\/HyNaYBJ9Bp0?feature=oembed\" frameborder=\"0\" allow=\"accelerometer; autoplay; clipboard-write; encrypted-media; gyroscope; picture-in-picture; web-share\" referrerpolicy=\"strict-origin-when-cross-origin\" allowfullscreen><\/iframe><\/p>\n<p><iframe loading=\"lazy\" title=\"Bona nit 1r\" width=\"500\" height=\"281\" src=\"https:\/\/www.youtube.com\/embed\/uVi9C2RqF0Q?feature=oembed\" frameborder=\"0\" allow=\"accelerometer; autoplay; clipboard-write; encrypted-media; gyroscope; picture-in-picture; web-share\" referrerpolicy=\"strict-origin-when-cross-origin\" allowfullscreen><\/iframe><\/p>\n<p><iframe loading=\"lazy\" title=\"Nadal a Hawaii 2n\" width=\"500\" height=\"281\" src=\"https:\/\/www.youtube.com\/embed\/CRpCQfzoLPw?feature=oembed\" frameborder=\"0\" allow=\"accelerometer; autoplay; clipboard-write; encrypted-media; gyroscope; picture-in-picture; web-share\" referrerpolicy=\"strict-origin-when-cross-origin\" allowfullscreen><\/iframe><\/p>\n<p><iframe loading=\"lazy\" title=\"Nadal al desert 5\u00e8\" width=\"500\" height=\"281\" src=\"https:\/\/www.youtube.com\/embed\/N4a5k3MQvXU?feature=oembed\" frameborder=\"0\" allow=\"accelerometer; autoplay; clipboard-write; encrypted-media; gyroscope; picture-in-picture; web-share\" referrerpolicy=\"strict-origin-when-cross-origin\" allowfullscreen><\/iframe><\/p>\n<p><iframe loading=\"lazy\" title=\"Un camell d&#039;Orient 6\u00e8\" width=\"500\" height=\"281\" src=\"https:\/\/www.youtube.com\/embed\/0KUR1Z4qstY?feature=oembed\" frameborder=\"0\" allow=\"accelerometer; autoplay; clipboard-write; encrypted-media; gyroscope; picture-in-picture; web-share\" referrerpolicy=\"strict-origin-when-cross-origin\" allowfullscreen><\/iframe><\/p>\n","protected":false},"excerpt":{"rendered":"<p>Us deixem aqu\u00ed les actuacions del concert de Nadal 22.<br \/>\nVa ser un dia ple d&#8217;emocions on l&#8217;alumnat va poder mostrar el treball fet durant aproximadament mes i mig tant amb les mestres d&#8217;educaci\u00f3 infantil com amb la mestra de m\u00fasica. Cal agrair l&#8217;ajuda de les&hellip;  <a href=\"https:\/\/agora.xtec.cat\/esc-jmaragall-sabadell\/infantil\/concert-de-nadal-22\/\" title=\"Read Concert de Nadal 22\">Llegeix m\u00e9s\u00bb<\/a><\/p>\n","protected":false},"author":11,"featured_media":5426,"comment_status":"open","ping_status":"closed","sticky":false,"template":"","format":"standard","meta":{"_bbp_topic_count":0,"_bbp_reply_count":0,"_bbp_total_topic_count":0,"_bbp_total_reply_count":0,"_bbp_voice_count":0,"_bbp_anonymous_reply_count":0,"_bbp_topic_count_hidden":0,"_bbp_reply_count_hidden":0,"_bbp_forum_subforum_count":0,"footnotes":""},"categories":[245,219,190,120,3,8,265,258,2,62,61,4,5,9,55],"tags":[89,102,247,253,81,82,73,68,272,273,274,75,175,65,69,70,71],"class_list":["post-5425","post","type-post","status-publish","format-standard","has-post-thumbnail","hentry","category-245","category-219","category-190","category-120","category-3","category-8","category-265","category-258","category-infantil","category-muse","category-musica","category-portada","category-primaria","category-1423a","category-1423b","tag-1r","tag-2n","tag-3r","tag-4t","tag-5e","tag-6e","tag-canco","tag-cancons","tag-i3","tag-i4","tag-i5","tag-infantil","tag-muse","tag-musica","tag-nadal","tag-nadala","tag-primaria"],"post_mailing_queue_ids":[],"_links":{"self":[{"href":"https:\/\/agora.xtec.cat\/esc-jmaragall-sabadell\/wp-json\/wp\/v2\/posts\/5425","targetHints":{"allow":["GET"]}}],"collection":[{"href":"https:\/\/agora.xtec.cat\/esc-jmaragall-sabadell\/wp-json\/wp\/v2\/posts"}],"about":[{"href":"https:\/\/agora.xtec.cat\/esc-jmaragall-sabadell\/wp-json\/wp\/v2\/types\/post"}],"author":[{"embeddable":true,"href":"https:\/\/agora.xtec.cat\/esc-jmaragall-sabadell\/wp-json\/wp\/v2\/users\/11"}],"replies":[{"embeddable":true,"href":"https:\/\/agora.xtec.cat\/esc-jmaragall-sabadell\/wp-json\/wp\/v2\/comments?post=5425"}],"version-history":[{"count":1,"href":"https:\/\/agora.xtec.cat\/esc-jmaragall-sabadell\/wp-json\/wp\/v2\/posts\/5425\/revisions"}],"predecessor-version":[{"id":5427,"href":"https:\/\/agora.xtec.cat\/esc-jmaragall-sabadell\/wp-json\/wp\/v2\/posts\/5425\/revisions\/5427"}],"wp:featuredmedia":[{"embeddable":true,"href":"https:\/\/agora.xtec.cat\/esc-jmaragall-sabadell\/wp-json\/wp\/v2\/media\/5426"}],"wp:attachment":[{"href":"https:\/\/agora.xtec.cat\/esc-jmaragall-sabadell\/wp-json\/wp\/v2\/media?parent=5425"}],"wp:term":[{"taxonomy":"category","embeddable":true,"href":"https:\/\/agora.xtec.cat\/esc-jmaragall-sabadell\/wp-json\/wp\/v2\/categories?post=5425"},{"taxonomy":"post_tag","embeddable":true,"href":"https:\/\/agora.xtec.cat\/esc-jmaragall-sabadell\/wp-json\/wp\/v2\/tags?post=5425"}],"curies":[{"name":"wp","href":"https:\/\/api.w.org\/{rel}","templated":true}]}}