{"id":5422,"date":"2022-12-29T09:01:13","date_gmt":"2022-12-29T08:01:13","guid":{"rendered":"https:\/\/agora.xtec.cat\/esc-jmaragall-sabadell\/?p=5422"},"modified":"2022-12-29T23:25:20","modified_gmt":"2022-12-29T22:25:20","slug":"interpretem-amb-titelles-una-canco-dels-manel","status":"publish","type":"post","link":"https:\/\/agora.xtec.cat\/esc-jmaragall-sabadell\/portada\/interpretem-amb-titelles-una-canco-dels-manel\/","title":{"rendered":"Interpretem amb titelles una can\u00e7\u00f3 dels Manel"},"content":{"rendered":"<p style=\"text-align: justify;\">Aquest trimestre els i les alumnes de 6\u00e8 amb la Marianna (MUS-E) han estat dissenyant i preparant unes titelles per tal d&#8217;interpretar la can\u00e7\u00f3 Un camell d&#8217;Orient dels Manel que tamb\u00e9 han treballat des de M\u00fasica. Aqu\u00ed el resultat. Esperem que us agradi.<\/p>\n<p><iframe loading=\"lazy\" title=\"Un camell d&#039;orient 6\u00e8 curs 22-23\" width=\"500\" height=\"281\" src=\"https:\/\/www.youtube.com\/embed\/Bog--iu5PZI?feature=oembed\" frameborder=\"0\" allow=\"accelerometer; autoplay; clipboard-write; encrypted-media; gyroscope; picture-in-picture; web-share\" referrerpolicy=\"strict-origin-when-cross-origin\" allowfullscreen><\/iframe><\/p>\n","protected":false},"excerpt":{"rendered":"<p>Aquest trimestre els i les alumnes de 6\u00e8 amb la Marianna (MUS-E) han estat dissenyant i preparant unes titelles per tal d&#8217;interpretar la can\u00e7\u00f3 Un camell d&#8217;Orient dels Manel que tamb\u00e9 han treballat des de M\u00fasica. Aqu\u00ed el resultat. Esperem que us agradi.<\/p>\n","protected":false},"author":11,"featured_media":0,"comment_status":"open","ping_status":"closed","sticky":false,"template":"","format":"standard","meta":{"_bbp_topic_count":0,"_bbp_reply_count":0,"_bbp_total_topic_count":0,"_bbp_total_reply_count":0,"_bbp_voice_count":0,"_bbp_anonymous_reply_count":0,"_bbp_topic_count_hidden":0,"_bbp_reply_count_hidden":0,"_bbp_forum_subforum_count":0,"footnotes":""},"categories":[62,61,4,9,55],"tags":[82,73,187,175,65,69,70],"class_list":["post-5422","post","type-post","status-publish","format-standard","hentry","category-muse","category-musica","category-portada","category-1423a","category-1423b","tag-6e","tag-canco","tag-cicle-superior","tag-muse","tag-musica","tag-nadal","tag-nadala"],"post_mailing_queue_ids":[],"_links":{"self":[{"href":"https:\/\/agora.xtec.cat\/esc-jmaragall-sabadell\/wp-json\/wp\/v2\/posts\/5422","targetHints":{"allow":["GET"]}}],"collection":[{"href":"https:\/\/agora.xtec.cat\/esc-jmaragall-sabadell\/wp-json\/wp\/v2\/posts"}],"about":[{"href":"https:\/\/agora.xtec.cat\/esc-jmaragall-sabadell\/wp-json\/wp\/v2\/types\/post"}],"author":[{"embeddable":true,"href":"https:\/\/agora.xtec.cat\/esc-jmaragall-sabadell\/wp-json\/wp\/v2\/users\/11"}],"replies":[{"embeddable":true,"href":"https:\/\/agora.xtec.cat\/esc-jmaragall-sabadell\/wp-json\/wp\/v2\/comments?post=5422"}],"version-history":[{"count":3,"href":"https:\/\/agora.xtec.cat\/esc-jmaragall-sabadell\/wp-json\/wp\/v2\/posts\/5422\/revisions"}],"predecessor-version":[{"id":5429,"href":"https:\/\/agora.xtec.cat\/esc-jmaragall-sabadell\/wp-json\/wp\/v2\/posts\/5422\/revisions\/5429"}],"wp:attachment":[{"href":"https:\/\/agora.xtec.cat\/esc-jmaragall-sabadell\/wp-json\/wp\/v2\/media?parent=5422"}],"wp:term":[{"taxonomy":"category","embeddable":true,"href":"https:\/\/agora.xtec.cat\/esc-jmaragall-sabadell\/wp-json\/wp\/v2\/categories?post=5422"},{"taxonomy":"post_tag","embeddable":true,"href":"https:\/\/agora.xtec.cat\/esc-jmaragall-sabadell\/wp-json\/wp\/v2\/tags?post=5422"}],"curies":[{"name":"wp","href":"https:\/\/api.w.org\/{rel}","templated":true}]}}