{"id":5327,"date":"2022-11-17T13:40:32","date_gmt":"2022-11-17T12:40:32","guid":{"rendered":"https:\/\/agora.xtec.cat\/esc-jmaragall-sabadell\/?p=5327"},"modified":"2022-11-17T13:40:32","modified_gmt":"2022-11-17T12:40:32","slug":"berenars-saludables","status":"publish","type":"post","link":"https:\/\/agora.xtec.cat\/esc-jmaragall-sabadell\/primaria\/1625\/berenars-saludables\/","title":{"rendered":"Berenars saludables!"},"content":{"rendered":"<p>Hola fam\u00edlies!<\/p>\n<p>Dimarts va venir la S\u00edlvia, una nutricionista, a explicar-nos com podem fer berenars i esmorzar saludables! Ens vam asseure en grups i vam estar cuinant diversos berenars que, despr\u00e9s, totes vam tastar! A m\u00e9s&#8230; van venir moltes mames de la classe a ajudar-nos i a aprendre amb nosaltres! Va ser una s\u00faper experi\u00e8ncia! Us deixem algunes fotos i les receptes perqu\u00e8 les pugueu fer a casa!<\/p>\n<p><a href=\"https:\/\/agora.xtec.cat\/esc-jmaragall-sabadell\/wp-content\/uploads\/usu1082\/2022\/11\/1.jpg\"><img loading=\"lazy\" decoding=\"async\" class=\"alignnone  wp-image-5333\" src=\"https:\/\/agora.xtec.cat\/esc-jmaragall-sabadell\/wp-content\/uploads\/usu1082\/2022\/11\/1.jpg\" alt=\"\" width=\"248\" height=\"186\" srcset=\"https:\/\/agora.xtec.cat\/esc-jmaragall-sabadell\/wp-content\/uploads\/usu1082\/2022\/11\/1.jpg 591w, https:\/\/agora.xtec.cat\/esc-jmaragall-sabadell\/wp-content\/uploads\/usu1082\/2022\/11\/1-300x225.jpg 300w, https:\/\/agora.xtec.cat\/esc-jmaragall-sabadell\/wp-content\/uploads\/usu1082\/2022\/11\/1-200x150.jpg 200w\" sizes=\"auto, (max-width: 248px) 100vw, 248px\" \/><\/a> <a href=\"https:\/\/agora.xtec.cat\/esc-jmaragall-sabadell\/wp-content\/uploads\/usu1082\/2022\/11\/2.jpg\"><img loading=\"lazy\" decoding=\"async\" class=\"alignnone  wp-image-5334\" src=\"https:\/\/agora.xtec.cat\/esc-jmaragall-sabadell\/wp-content\/uploads\/usu1082\/2022\/11\/2.jpg\" alt=\"\" width=\"249\" height=\"187\" srcset=\"https:\/\/agora.xtec.cat\/esc-jmaragall-sabadell\/wp-content\/uploads\/usu1082\/2022\/11\/2.jpg 591w, https:\/\/agora.xtec.cat\/esc-jmaragall-sabadell\/wp-content\/uploads\/usu1082\/2022\/11\/2-300x225.jpg 300w, https:\/\/agora.xtec.cat\/esc-jmaragall-sabadell\/wp-content\/uploads\/usu1082\/2022\/11\/2-200x150.jpg 200w\" sizes=\"auto, (max-width: 249px) 100vw, 249px\" \/><\/a> <a href=\"https:\/\/agora.xtec.cat\/esc-jmaragall-sabadell\/wp-content\/uploads\/usu1082\/2022\/11\/3.jpg\"><img loading=\"lazy\" decoding=\"async\" class=\"alignnone  wp-image-5335\" src=\"https:\/\/agora.xtec.cat\/esc-jmaragall-sabadell\/wp-content\/uploads\/usu1082\/2022\/11\/3.jpg\" alt=\"\" width=\"247\" height=\"185\" srcset=\"https:\/\/agora.xtec.cat\/esc-jmaragall-sabadell\/wp-content\/uploads\/usu1082\/2022\/11\/3.jpg 591w, https:\/\/agora.xtec.cat\/esc-jmaragall-sabadell\/wp-content\/uploads\/usu1082\/2022\/11\/3-300x225.jpg 300w, https:\/\/agora.xtec.cat\/esc-jmaragall-sabadell\/wp-content\/uploads\/usu1082\/2022\/11\/3-200x150.jpg 200w\" sizes=\"auto, (max-width: 247px) 100vw, 247px\" \/><\/a>  <a href=\"https:\/\/agora.xtec.cat\/esc-jmaragall-sabadell\/wp-content\/uploads\/usu1082\/2022\/11\/5.jpg\"><img loading=\"lazy\" decoding=\"async\" class=\"alignnone  wp-image-5337\" src=\"https:\/\/agora.xtec.cat\/esc-jmaragall-sabadell\/wp-content\/uploads\/usu1082\/2022\/11\/5.jpg\" alt=\"\" width=\"250\" height=\"187\" srcset=\"https:\/\/agora.xtec.cat\/esc-jmaragall-sabadell\/wp-content\/uploads\/usu1082\/2022\/11\/5.jpg 591w, https:\/\/agora.xtec.cat\/esc-jmaragall-sabadell\/wp-content\/uploads\/usu1082\/2022\/11\/5-300x225.jpg 300w, https:\/\/agora.xtec.cat\/esc-jmaragall-sabadell\/wp-content\/uploads\/usu1082\/2022\/11\/5-200x150.jpg 200w\" sizes=\"auto, (max-width: 250px) 100vw, 250px\" \/><\/a> <a href=\"https:\/\/agora.xtec.cat\/esc-jmaragall-sabadell\/wp-content\/uploads\/usu1082\/2022\/11\/6.jpg\"><img loading=\"lazy\" decoding=\"async\" class=\"alignnone size-large wp-image-5338\" src=\"https:\/\/agora.xtec.cat\/esc-jmaragall-sabadell\/wp-content\/uploads\/usu1082\/2022\/11\/6.jpg\" alt=\"\" width=\"591\" height=\"443\" srcset=\"https:\/\/agora.xtec.cat\/esc-jmaragall-sabadell\/wp-content\/uploads\/usu1082\/2022\/11\/6.jpg 591w, https:\/\/agora.xtec.cat\/esc-jmaragall-sabadell\/wp-content\/uploads\/usu1082\/2022\/11\/6-300x225.jpg 300w, https:\/\/agora.xtec.cat\/esc-jmaragall-sabadell\/wp-content\/uploads\/usu1082\/2022\/11\/6-200x150.jpg 200w\" sizes=\"auto, (max-width: 591px) 100vw, 591px\" \/><\/a> <a href=\"https:\/\/agora.xtec.cat\/esc-jmaragall-sabadell\/wp-content\/uploads\/usu1082\/2022\/11\/7-rotated.jpg\"><img loading=\"lazy\" decoding=\"async\" class=\"alignnone size-large wp-image-5339\" src=\"https:\/\/agora.xtec.cat\/esc-jmaragall-sabadell\/wp-content\/uploads\/usu1082\/2022\/11\/7-rotated.jpg\" alt=\"\" width=\"443\" height=\"591\" srcset=\"https:\/\/agora.xtec.cat\/esc-jmaragall-sabadell\/wp-content\/uploads\/usu1082\/2022\/11\/7-rotated.jpg 443w, https:\/\/agora.xtec.cat\/esc-jmaragall-sabadell\/wp-content\/uploads\/usu1082\/2022\/11\/7-225x300.jpg 225w\" sizes=\"auto, (max-width: 443px) 100vw, 443px\" \/><\/a><\/p>\n<p>&nbsp;<\/p>\n","protected":false},"excerpt":{"rendered":"<p>Hola fam\u00edlies!<br \/>\nDimarts va venir la S\u00edlvia, una nutricionista, a explicar-nos com podem fer berenars i esmorzar saludables! Ens vam asseure en grups i vam estar cuinant diversos berenars que, despr\u00e9s, totes vam tastar! A m\u00e9s&#8230; van venir moltes mames de la classe a ajudar-nos i&hellip;  <a href=\"https:\/\/agora.xtec.cat\/esc-jmaragall-sabadell\/primaria\/1625\/berenars-saludables\/\" title=\"Read Berenars saludables!\">Llegeix m\u00e9s\u00bb<\/a><\/p>\n","protected":false},"author":96,"featured_media":5338,"comment_status":"open","ping_status":"closed","sticky":false,"template":"","format":"standard","meta":{"_bbp_topic_count":0,"_bbp_reply_count":0,"_bbp_total_topic_count":0,"_bbp_total_reply_count":0,"_bbp_voice_count":0,"_bbp_anonymous_reply_count":0,"_bbp_topic_count_hidden":0,"_bbp_reply_count_hidden":0,"_bbp_forum_subforum_count":0,"footnotes":""},"categories":[3,4,5],"tags":[103,268,71,87],"class_list":["post-5327","post","type-post","status-publish","format-standard","has-post-thumbnail","hentry","category-3","category-portada","category-primaria","tag-4ta","tag-nutricio","tag-primaria","tag-recepta"],"post_mailing_queue_ids":[],"_links":{"self":[{"href":"https:\/\/agora.xtec.cat\/esc-jmaragall-sabadell\/wp-json\/wp\/v2\/posts\/5327","targetHints":{"allow":["GET"]}}],"collection":[{"href":"https:\/\/agora.xtec.cat\/esc-jmaragall-sabadell\/wp-json\/wp\/v2\/posts"}],"about":[{"href":"https:\/\/agora.xtec.cat\/esc-jmaragall-sabadell\/wp-json\/wp\/v2\/types\/post"}],"author":[{"embeddable":true,"href":"https:\/\/agora.xtec.cat\/esc-jmaragall-sabadell\/wp-json\/wp\/v2\/users\/96"}],"replies":[{"embeddable":true,"href":"https:\/\/agora.xtec.cat\/esc-jmaragall-sabadell\/wp-json\/wp\/v2\/comments?post=5327"}],"version-history":[{"count":1,"href":"https:\/\/agora.xtec.cat\/esc-jmaragall-sabadell\/wp-json\/wp\/v2\/posts\/5327\/revisions"}],"predecessor-version":[{"id":5341,"href":"https:\/\/agora.xtec.cat\/esc-jmaragall-sabadell\/wp-json\/wp\/v2\/posts\/5327\/revisions\/5341"}],"wp:featuredmedia":[{"embeddable":true,"href":"https:\/\/agora.xtec.cat\/esc-jmaragall-sabadell\/wp-json\/wp\/v2\/media\/5338"}],"wp:attachment":[{"href":"https:\/\/agora.xtec.cat\/esc-jmaragall-sabadell\/wp-json\/wp\/v2\/media?parent=5327"}],"wp:term":[{"taxonomy":"category","embeddable":true,"href":"https:\/\/agora.xtec.cat\/esc-jmaragall-sabadell\/wp-json\/wp\/v2\/categories?post=5327"},{"taxonomy":"post_tag","embeddable":true,"href":"https:\/\/agora.xtec.cat\/esc-jmaragall-sabadell\/wp-json\/wp\/v2\/tags?post=5327"}],"curies":[{"name":"wp","href":"https:\/\/api.w.org\/{rel}","templated":true}]}}