{"id":5314,"date":"2022-11-17T13:40:57","date_gmt":"2022-11-17T12:40:57","guid":{"rendered":"https:\/\/agora.xtec.cat\/esc-jmaragall-sabadell\/?p=5314"},"modified":"2022-11-17T13:40:57","modified_gmt":"2022-11-17T12:40:57","slug":"investiguem-laigua","status":"publish","type":"post","link":"https:\/\/agora.xtec.cat\/esc-jmaragall-sabadell\/general\/investiguem-laigua\/","title":{"rendered":"INVESTIGUEM L&#8217;AIGUA!!!"},"content":{"rendered":"<p>Les alumnes de tercer vam formular fer la pregunta&#8230; per qu\u00e8 plou?<\/p>\n<p>Partint d&#8217;aquesta situaci\u00f3 d&#8217;aprenentatge hem treballat el cicle de l&#8217;aigua, comprovant l&#8217;evaporaci\u00f3 de la mateixa i despr\u00e9s hem constru\u00eft una depuradora per entendre el seu funcionament.<\/p>\n<p><a href=\"https:\/\/agora.xtec.cat\/esc-jmaragall-sabadell\/wp-content\/uploads\/usu1082\/2022\/11\/depuradora.jpg\"><img loading=\"lazy\" decoding=\"async\" class=\"alignnone size-full wp-image-5331\" src=\"https:\/\/agora.xtec.cat\/esc-jmaragall-sabadell\/wp-content\/uploads\/usu1082\/2022\/11\/depuradora.jpg\" alt=\"\" width=\"443\" height=\"591\" srcset=\"https:\/\/agora.xtec.cat\/esc-jmaragall-sabadell\/wp-content\/uploads\/usu1082\/2022\/11\/depuradora.jpg 443w, https:\/\/agora.xtec.cat\/esc-jmaragall-sabadell\/wp-content\/uploads\/usu1082\/2022\/11\/depuradora-225x300.jpg 225w\" sizes=\"auto, (max-width: 443px) 100vw, 443px\" \/><\/a><\/p>\n<p><a href=\"https:\/\/agora.xtec.cat\/esc-jmaragall-sabadell\/wp-content\/uploads\/usu1082\/2022\/11\/cicle-de-laigua-1-rotated.jpg\"><img loading=\"lazy\" decoding=\"async\" class=\"alignnone size-full wp-image-5328\" src=\"https:\/\/agora.xtec.cat\/esc-jmaragall-sabadell\/wp-content\/uploads\/usu1082\/2022\/11\/cicle-de-laigua-1-rotated.jpg\" alt=\"\" width=\"591\" height=\"443\" srcset=\"https:\/\/agora.xtec.cat\/esc-jmaragall-sabadell\/wp-content\/uploads\/usu1082\/2022\/11\/cicle-de-laigua-1-rotated.jpg 591w, https:\/\/agora.xtec.cat\/esc-jmaragall-sabadell\/wp-content\/uploads\/usu1082\/2022\/11\/cicle-de-laigua-1-300x225.jpg 300w, https:\/\/agora.xtec.cat\/esc-jmaragall-sabadell\/wp-content\/uploads\/usu1082\/2022\/11\/cicle-de-laigua-1-200x150.jpg 200w\" sizes=\"auto, (max-width: 591px) 100vw, 591px\" \/><\/a> <a href=\"https:\/\/agora.xtec.cat\/esc-jmaragall-sabadell\/wp-content\/uploads\/usu1082\/2022\/11\/cicle-de-laigua-2-rotated.jpg\"><img loading=\"lazy\" decoding=\"async\" class=\"alignnone size-large wp-image-5329\" src=\"https:\/\/agora.xtec.cat\/esc-jmaragall-sabadell\/wp-content\/uploads\/usu1082\/2022\/11\/cicle-de-laigua-2-rotated.jpg\" alt=\"\" width=\"591\" height=\"443\" srcset=\"https:\/\/agora.xtec.cat\/esc-jmaragall-sabadell\/wp-content\/uploads\/usu1082\/2022\/11\/cicle-de-laigua-2-rotated.jpg 591w, https:\/\/agora.xtec.cat\/esc-jmaragall-sabadell\/wp-content\/uploads\/usu1082\/2022\/11\/cicle-de-laigua-2-300x225.jpg 300w, https:\/\/agora.xtec.cat\/esc-jmaragall-sabadell\/wp-content\/uploads\/usu1082\/2022\/11\/cicle-de-laigua-2-200x150.jpg 200w\" sizes=\"auto, (max-width: 591px) 100vw, 591px\" \/><\/a> <a href=\"https:\/\/agora.xtec.cat\/esc-jmaragall-sabadell\/wp-content\/uploads\/usu1082\/2022\/11\/cicle-de-laigua.jpg\"><img loading=\"lazy\" decoding=\"async\" class=\"alignnone size-large wp-image-5330\" src=\"https:\/\/agora.xtec.cat\/esc-jmaragall-sabadell\/wp-content\/uploads\/usu1082\/2022\/11\/cicle-de-laigua.jpg\" alt=\"\" width=\"443\" height=\"591\" srcset=\"https:\/\/agora.xtec.cat\/esc-jmaragall-sabadell\/wp-content\/uploads\/usu1082\/2022\/11\/cicle-de-laigua.jpg 443w, https:\/\/agora.xtec.cat\/esc-jmaragall-sabadell\/wp-content\/uploads\/usu1082\/2022\/11\/cicle-de-laigua-225x300.jpg 225w\" sizes=\"auto, (max-width: 443px) 100vw, 443px\" \/><\/a><\/p>\n","protected":false},"excerpt":{"rendered":"<p>Les alumnes de tercer vam formular fer la pregunta&#8230; per qu\u00e8 plou?<br \/>\nPartint d&#8217;aquesta situaci\u00f3 d&#8217;aprenentatge hem treballat el cicle de l&#8217;aigua, comprovant l&#8217;evaporaci\u00f3 de la mateixa i despr\u00e9s hem constru\u00eft una depuradora per entendre el seu funcionament.<br \/>\n<a href=\"https:\/\/agora.xtec.cat\/esc-jmaragall-sabadell\/wp-content\/uploads\/usu1082\/2022\/11\/depuradora.jpg\"><\/a><br \/>\n<a href=\"https:\/\/agora.xtec.cat\/esc-jmaragall-sabadell\/wp-content\/uploads\/usu1082\/2022\/11\/cicle-de-laigua-1-rotated.jpg\"><\/a> <a href=\"https:\/\/agora.xtec.cat\/esc-jmaragall-sabadell\/wp-content\/uploads\/usu1082\/2022\/11\/cicle-de-laigua-2-rotated.jpg\"><\/a> <a href=\"https:\/\/agora.xtec.cat\/esc-jmaragall-sabadell\/wp-content\/uploads\/usu1082\/2022\/11\/cicle-de-laigua.jpg\"><\/a><\/p>\n","protected":false},"author":18,"featured_media":0,"comment_status":"open","ping_status":"closed","sticky":false,"template":"","format":"standard","meta":{"_bbp_topic_count":0,"_bbp_reply_count":0,"_bbp_total_topic_count":0,"_bbp_total_reply_count":0,"_bbp_voice_count":0,"_bbp_anonymous_reply_count":0,"_bbp_topic_count_hidden":0,"_bbp_reply_count_hidden":0,"_bbp_forum_subforum_count":0,"footnotes":""},"categories":[120,1,4,5],"tags":[90,71,111],"class_list":["post-5314","post","type-post","status-publish","format-standard","hentry","category-120","category-general","category-portada","category-primaria","tag-3ra","tag-primaria","tag-projecte"],"post_mailing_queue_ids":[],"_links":{"self":[{"href":"https:\/\/agora.xtec.cat\/esc-jmaragall-sabadell\/wp-json\/wp\/v2\/posts\/5314","targetHints":{"allow":["GET"]}}],"collection":[{"href":"https:\/\/agora.xtec.cat\/esc-jmaragall-sabadell\/wp-json\/wp\/v2\/posts"}],"about":[{"href":"https:\/\/agora.xtec.cat\/esc-jmaragall-sabadell\/wp-json\/wp\/v2\/types\/post"}],"author":[{"embeddable":true,"href":"https:\/\/agora.xtec.cat\/esc-jmaragall-sabadell\/wp-json\/wp\/v2\/users\/18"}],"replies":[{"embeddable":true,"href":"https:\/\/agora.xtec.cat\/esc-jmaragall-sabadell\/wp-json\/wp\/v2\/comments?post=5314"}],"version-history":[{"count":4,"href":"https:\/\/agora.xtec.cat\/esc-jmaragall-sabadell\/wp-json\/wp\/v2\/posts\/5314\/revisions"}],"predecessor-version":[{"id":5342,"href":"https:\/\/agora.xtec.cat\/esc-jmaragall-sabadell\/wp-json\/wp\/v2\/posts\/5314\/revisions\/5342"}],"wp:attachment":[{"href":"https:\/\/agora.xtec.cat\/esc-jmaragall-sabadell\/wp-json\/wp\/v2\/media?parent=5314"}],"wp:term":[{"taxonomy":"category","embeddable":true,"href":"https:\/\/agora.xtec.cat\/esc-jmaragall-sabadell\/wp-json\/wp\/v2\/categories?post=5314"},{"taxonomy":"post_tag","embeddable":true,"href":"https:\/\/agora.xtec.cat\/esc-jmaragall-sabadell\/wp-json\/wp\/v2\/tags?post=5314"}],"curies":[{"name":"wp","href":"https:\/\/api.w.org\/{rel}","templated":true}]}}