{"id":5282,"date":"2022-11-08T14:11:01","date_gmt":"2022-11-08T13:11:01","guid":{"rendered":"https:\/\/agora.xtec.cat\/esc-jmaragall-sabadell\/?p=5282"},"modified":"2022-11-16T13:23:16","modified_gmt":"2022-11-16T12:23:16","slug":"un-dia-a-lescola-i3","status":"publish","type":"post","link":"https:\/\/agora.xtec.cat\/esc-jmaragall-sabadell\/general\/un-dia-a-lescola-i3\/","title":{"rendered":"Un dia a l&#8217;escola I3"},"content":{"rendered":"<p>Hola fam\u00edlies!<br \/>\nVolem compartir amb vosaltres un dia a l&#8217;escola del grup d&#8217;infants de 3 anys. Amb aquest recull d&#8217;imatges podreu veure quines s\u00f3n les rutines i els h\u00e0bits que ens plantegem desenvolupar al dia a dia per aconseguir que els vostres infants siguin cada vegada m\u00e9s aut\u00f3noms i algunes de les estrat\u00e8gies metodol\u00f2giques que portem a terme per desenvolupar els continguts del nivell I3.<br \/>\nFeu clic a l&#8217;enlla\u00e7.<\/p>\n<p><a href=\"https:\/\/youtu.be\/7ZBcAoy9aNI\">Un dia a l&#8217;escola I3<\/a><\/p>\n","protected":false},"excerpt":{"rendered":"<p>Hola fam\u00edlies!<br \/>\nVolem compartir amb vosaltres un dia a l&#8217;escola del grup d&#8217;infants de 3 anys. Amb aquest recull d&#8217;imatges podreu veure quines s\u00f3n les rutines i els h\u00e0bits que ens plantegem desenvolupar al dia a dia per aconseguir que els vostres infants siguin cada vegada&hellip;  <a href=\"https:\/\/agora.xtec.cat\/esc-jmaragall-sabadell\/general\/un-dia-a-lescola-i3\/\" title=\"Read Un dia a l&#8217;escola I3\">Llegeix m\u00e9s\u00bb<\/a><\/p>\n","protected":false},"author":37,"featured_media":5285,"comment_status":"open","ping_status":"closed","sticky":false,"template":"","format":"standard","meta":{"_bbp_topic_count":0,"_bbp_reply_count":0,"_bbp_total_topic_count":0,"_bbp_total_reply_count":0,"_bbp_voice_count":0,"_bbp_anonymous_reply_count":0,"_bbp_topic_count_hidden":0,"_bbp_reply_count_hidden":0,"_bbp_forum_subforum_count":0,"footnotes":""},"categories":[1,265,2,4],"tags":[],"class_list":["post-5282","post","type-post","status-publish","format-standard","has-post-thumbnail","hentry","category-general","category-265","category-infantil","category-portada"],"post_mailing_queue_ids":[],"_links":{"self":[{"href":"https:\/\/agora.xtec.cat\/esc-jmaragall-sabadell\/wp-json\/wp\/v2\/posts\/5282","targetHints":{"allow":["GET"]}}],"collection":[{"href":"https:\/\/agora.xtec.cat\/esc-jmaragall-sabadell\/wp-json\/wp\/v2\/posts"}],"about":[{"href":"https:\/\/agora.xtec.cat\/esc-jmaragall-sabadell\/wp-json\/wp\/v2\/types\/post"}],"author":[{"embeddable":true,"href":"https:\/\/agora.xtec.cat\/esc-jmaragall-sabadell\/wp-json\/wp\/v2\/users\/37"}],"replies":[{"embeddable":true,"href":"https:\/\/agora.xtec.cat\/esc-jmaragall-sabadell\/wp-json\/wp\/v2\/comments?post=5282"}],"version-history":[{"count":2,"href":"https:\/\/agora.xtec.cat\/esc-jmaragall-sabadell\/wp-json\/wp\/v2\/posts\/5282\/revisions"}],"predecessor-version":[{"id":5316,"href":"https:\/\/agora.xtec.cat\/esc-jmaragall-sabadell\/wp-json\/wp\/v2\/posts\/5282\/revisions\/5316"}],"wp:featuredmedia":[{"embeddable":true,"href":"https:\/\/agora.xtec.cat\/esc-jmaragall-sabadell\/wp-json\/wp\/v2\/media\/5285"}],"wp:attachment":[{"href":"https:\/\/agora.xtec.cat\/esc-jmaragall-sabadell\/wp-json\/wp\/v2\/media?parent=5282"}],"wp:term":[{"taxonomy":"category","embeddable":true,"href":"https:\/\/agora.xtec.cat\/esc-jmaragall-sabadell\/wp-json\/wp\/v2\/categories?post=5282"},{"taxonomy":"post_tag","embeddable":true,"href":"https:\/\/agora.xtec.cat\/esc-jmaragall-sabadell\/wp-json\/wp\/v2\/tags?post=5282"}],"curies":[{"name":"wp","href":"https:\/\/api.w.org\/{rel}","templated":true}]}}