{"id":5274,"date":"2022-11-08T13:19:41","date_gmt":"2022-11-08T12:19:41","guid":{"rendered":"https:\/\/agora.xtec.cat\/esc-jmaragall-sabadell\/?p=5274"},"modified":"2022-11-08T13:19:41","modified_gmt":"2022-11-08T12:19:41","slug":"sessio-de-forca-a-cicle-superior","status":"publish","type":"post","link":"https:\/\/agora.xtec.cat\/esc-jmaragall-sabadell\/portada\/sessio-de-forca-a-cicle-superior\/","title":{"rendered":"Sessi\u00f3 de for\u00e7a a cicle superior."},"content":{"rendered":"<p>A cicle superior estem treballant les capacitats f\u00edsiques b\u00e0siques. Aqu\u00ed mostrem unes activitats cooperatives de for\u00e7a. Tots a una som m\u00e9s forts!!<\/p>\n<p><a href=\"https:\/\/agora.xtec.cat\/esc-jmaragall-sabadell\/wp-content\/uploads\/usu1082\/2022\/11\/sessio-forca-1.jpg\"><img loading=\"lazy\" decoding=\"async\" class=\"alignnone wp-image-5275\" src=\"https:\/\/agora.xtec.cat\/esc-jmaragall-sabadell\/wp-content\/uploads\/usu1082\/2022\/11\/sessio-forca-1.jpg\" alt=\"\" width=\"387\" height=\"290\" srcset=\"https:\/\/agora.xtec.cat\/esc-jmaragall-sabadell\/wp-content\/uploads\/usu1082\/2022\/11\/sessio-forca-1.jpg 591w, https:\/\/agora.xtec.cat\/esc-jmaragall-sabadell\/wp-content\/uploads\/usu1082\/2022\/11\/sessio-forca-1-300x225.jpg 300w, https:\/\/agora.xtec.cat\/esc-jmaragall-sabadell\/wp-content\/uploads\/usu1082\/2022\/11\/sessio-forca-1-200x150.jpg 200w\" sizes=\"auto, (max-width: 387px) 100vw, 387px\" \/><\/a><a href=\"https:\/\/agora.xtec.cat\/esc-jmaragall-sabadell\/wp-content\/uploads\/usu1082\/2022\/11\/sessio-forca-2.jpg\"><img loading=\"lazy\" decoding=\"async\" class=\"alignnone wp-image-5276\" src=\"https:\/\/agora.xtec.cat\/esc-jmaragall-sabadell\/wp-content\/uploads\/usu1082\/2022\/11\/sessio-forca-2.jpg\" alt=\"\" width=\"388\" height=\"291\" srcset=\"https:\/\/agora.xtec.cat\/esc-jmaragall-sabadell\/wp-content\/uploads\/usu1082\/2022\/11\/sessio-forca-2.jpg 591w, https:\/\/agora.xtec.cat\/esc-jmaragall-sabadell\/wp-content\/uploads\/usu1082\/2022\/11\/sessio-forca-2-300x225.jpg 300w, https:\/\/agora.xtec.cat\/esc-jmaragall-sabadell\/wp-content\/uploads\/usu1082\/2022\/11\/sessio-forca-2-200x150.jpg 200w\" sizes=\"auto, (max-width: 388px) 100vw, 388px\" \/><\/a><\/p>\n","protected":false},"excerpt":{"rendered":"<p>A cicle superior estem treballant les capacitats f\u00edsiques b\u00e0siques. Aqu\u00ed mostrem unes activitats cooperatives de for\u00e7a. Tots a una som m\u00e9s forts!!<br \/>\n<a href=\"https:\/\/agora.xtec.cat\/esc-jmaragall-sabadell\/wp-content\/uploads\/usu1082\/2022\/11\/sessio-forca-1.jpg\"><\/a><a href=\"https:\/\/agora.xtec.cat\/esc-jmaragall-sabadell\/wp-content\/uploads\/usu1082\/2022\/11\/sessio-forca-2.jpg\"><\/a><\/p>\n","protected":false},"author":97,"featured_media":0,"comment_status":"closed","ping_status":"closed","sticky":false,"template":"","format":"standard","meta":{"_bbp_topic_count":0,"_bbp_reply_count":0,"_bbp_total_topic_count":0,"_bbp_total_reply_count":0,"_bbp_voice_count":0,"_bbp_anonymous_reply_count":0,"_bbp_topic_count_hidden":0,"_bbp_reply_count_hidden":0,"_bbp_forum_subforum_count":0,"footnotes":""},"categories":[8,92,4,5],"tags":[81,187,91,71],"class_list":["post-5274","post","type-post","status-publish","format-standard","hentry","category-8","category-educacio-fisica","category-portada","category-primaria","tag-5e","tag-cicle-superior","tag-educacio-fisica","tag-primaria"],"post_mailing_queue_ids":[],"_links":{"self":[{"href":"https:\/\/agora.xtec.cat\/esc-jmaragall-sabadell\/wp-json\/wp\/v2\/posts\/5274","targetHints":{"allow":["GET"]}}],"collection":[{"href":"https:\/\/agora.xtec.cat\/esc-jmaragall-sabadell\/wp-json\/wp\/v2\/posts"}],"about":[{"href":"https:\/\/agora.xtec.cat\/esc-jmaragall-sabadell\/wp-json\/wp\/v2\/types\/post"}],"author":[{"embeddable":true,"href":"https:\/\/agora.xtec.cat\/esc-jmaragall-sabadell\/wp-json\/wp\/v2\/users\/97"}],"replies":[{"embeddable":true,"href":"https:\/\/agora.xtec.cat\/esc-jmaragall-sabadell\/wp-json\/wp\/v2\/comments?post=5274"}],"version-history":[{"count":3,"href":"https:\/\/agora.xtec.cat\/esc-jmaragall-sabadell\/wp-json\/wp\/v2\/posts\/5274\/revisions"}],"predecessor-version":[{"id":5280,"href":"https:\/\/agora.xtec.cat\/esc-jmaragall-sabadell\/wp-json\/wp\/v2\/posts\/5274\/revisions\/5280"}],"wp:attachment":[{"href":"https:\/\/agora.xtec.cat\/esc-jmaragall-sabadell\/wp-json\/wp\/v2\/media?parent=5274"}],"wp:term":[{"taxonomy":"category","embeddable":true,"href":"https:\/\/agora.xtec.cat\/esc-jmaragall-sabadell\/wp-json\/wp\/v2\/categories?post=5274"},{"taxonomy":"post_tag","embeddable":true,"href":"https:\/\/agora.xtec.cat\/esc-jmaragall-sabadell\/wp-json\/wp\/v2\/tags?post=5274"}],"curies":[{"name":"wp","href":"https:\/\/api.w.org\/{rel}","templated":true}]}}