{"id":5158,"date":"2022-10-19T09:44:20","date_gmt":"2022-10-19T07:44:20","guid":{"rendered":"https:\/\/agora.xtec.cat\/esc-jmaragall-sabadell\/?p=5158"},"modified":"2022-10-19T09:44:20","modified_gmt":"2022-10-19T07:44:20","slug":"recull-de-contes-per-treballar-la-coeducacio-igualtat-de-genere-i-solidaritat","status":"publish","type":"post","link":"https:\/\/agora.xtec.cat\/esc-jmaragall-sabadell\/escoltam\/recull-de-contes-per-treballar-la-coeducacio-igualtat-de-genere-i-solidaritat\/","title":{"rendered":"RECULL DE CONTES PER TREBALLAR LA COEDUCACI\u00d3, IGUALTAT DE G\u00c8NERE I SOLIDARITAT"},"content":{"rendered":"<p>Si cliqueu a l&#8217;enlla\u00e7 trobareu un recull de contes per treballar la solidaritat, la igualtat de g\u00e8nere i la coeducaci\u00f3.<\/p>\n<p><a href=\"https:\/\/drive.google.com\/file\/d\/1tJhA4OBaan778ZeiX4YrW6WDwnxiltjg\/view?usp=sharing\">https:\/\/drive.google.com\/file\/d\/1tJhA4OBaan778ZeiX4YrW6WDwnxiltjg\/view?usp=sharing<\/a><\/p>\n","protected":false},"excerpt":{"rendered":"<p>Si cliqueu a l&#8217;enlla\u00e7 trobareu un recull de contes per treballar la solidaritat, la igualtat de g\u00e8nere i la coeducaci\u00f3.<br \/>\n<a href=\"https:\/\/drive.google.com\/file\/d\/1tJhA4OBaan778ZeiX4YrW6WDwnxiltjg\/view?usp=sharing\">https:\/\/drive.google.com\/file\/d\/1tJhA4OBaan778ZeiX4YrW6WDwnxiltjg\/view?usp=sharing<\/a><\/p>\n","protected":false},"author":6,"featured_media":0,"comment_status":"open","ping_status":"closed","sticky":false,"template":"","format":"standard","meta":{"_bbp_topic_count":0,"_bbp_reply_count":0,"_bbp_total_topic_count":0,"_bbp_total_reply_count":0,"_bbp_voice_count":0,"_bbp_anonymous_reply_count":0,"_bbp_topic_count_hidden":0,"_bbp_reply_count_hidden":0,"_bbp_forum_subforum_count":0,"footnotes":""},"categories":[63],"tags":[],"class_list":["post-5158","post","type-post","status-publish","format-standard","hentry","category-escoltam"],"post_mailing_queue_ids":[],"_links":{"self":[{"href":"https:\/\/agora.xtec.cat\/esc-jmaragall-sabadell\/wp-json\/wp\/v2\/posts\/5158","targetHints":{"allow":["GET"]}}],"collection":[{"href":"https:\/\/agora.xtec.cat\/esc-jmaragall-sabadell\/wp-json\/wp\/v2\/posts"}],"about":[{"href":"https:\/\/agora.xtec.cat\/esc-jmaragall-sabadell\/wp-json\/wp\/v2\/types\/post"}],"author":[{"embeddable":true,"href":"https:\/\/agora.xtec.cat\/esc-jmaragall-sabadell\/wp-json\/wp\/v2\/users\/6"}],"replies":[{"embeddable":true,"href":"https:\/\/agora.xtec.cat\/esc-jmaragall-sabadell\/wp-json\/wp\/v2\/comments?post=5158"}],"version-history":[{"count":2,"href":"https:\/\/agora.xtec.cat\/esc-jmaragall-sabadell\/wp-json\/wp\/v2\/posts\/5158\/revisions"}],"predecessor-version":[{"id":5160,"href":"https:\/\/agora.xtec.cat\/esc-jmaragall-sabadell\/wp-json\/wp\/v2\/posts\/5158\/revisions\/5160"}],"wp:attachment":[{"href":"https:\/\/agora.xtec.cat\/esc-jmaragall-sabadell\/wp-json\/wp\/v2\/media?parent=5158"}],"wp:term":[{"taxonomy":"category","embeddable":true,"href":"https:\/\/agora.xtec.cat\/esc-jmaragall-sabadell\/wp-json\/wp\/v2\/categories?post=5158"},{"taxonomy":"post_tag","embeddable":true,"href":"https:\/\/agora.xtec.cat\/esc-jmaragall-sabadell\/wp-json\/wp\/v2\/tags?post=5158"}],"curies":[{"name":"wp","href":"https:\/\/api.w.org\/{rel}","templated":true}]}}