{"id":5072,"date":"2022-09-23T14:30:38","date_gmt":"2022-09-23T12:30:38","guid":{"rendered":"https:\/\/agora.xtec.cat\/esc-jmaragall-sabadell\/?p=5072"},"modified":"2022-09-23T14:30:38","modified_gmt":"2022-09-23T12:30:38","slug":"compartint-illusions","status":"publish","type":"post","link":"https:\/\/agora.xtec.cat\/esc-jmaragall-sabadell\/portada\/compartint-illusions\/","title":{"rendered":"Compartint il\u00b7lusions"},"content":{"rendered":"<p>Els nens i les nenes de 6\u00e8 i 5\u00e8 han preparat aquesta invitaci\u00f3 per la reuni\u00f3 d&#8217;inici de curs. I tamb\u00e9, estem preparant un detallet que donarem a les fam\u00edlies que vinguin a la reuni\u00f3!!!<\/p>\n<p style=\"text-align: center;\"><strong>NO FALTEU!!!!<\/strong><\/p>\n<p><a href=\"https:\/\/agora.xtec.cat\/esc-jmaragall-sabadell\/wp-content\/uploads\/usu1082\/2022\/09\/WhatsApp-Image-2022-09-23-at-2.16.00-PM.jpeg\"><img loading=\"lazy\" decoding=\"async\" class=\"aligncenter  wp-image-5073\" src=\"https:\/\/agora.xtec.cat\/esc-jmaragall-sabadell\/wp-content\/uploads\/usu1082\/2022\/09\/WhatsApp-Image-2022-09-23-at-2.16.00-PM.jpeg\" alt=\"\" width=\"977\" height=\"782\" srcset=\"https:\/\/agora.xtec.cat\/esc-jmaragall-sabadell\/wp-content\/uploads\/usu1082\/2022\/09\/WhatsApp-Image-2022-09-23-at-2.16.00-PM.jpeg 2048w, https:\/\/agora.xtec.cat\/esc-jmaragall-sabadell\/wp-content\/uploads\/usu1082\/2022\/09\/WhatsApp-Image-2022-09-23-at-2.16.00-PM-300x240.jpeg 300w, https:\/\/agora.xtec.cat\/esc-jmaragall-sabadell\/wp-content\/uploads\/usu1082\/2022\/09\/WhatsApp-Image-2022-09-23-at-2.16.00-PM-1024x819.jpeg 1024w, https:\/\/agora.xtec.cat\/esc-jmaragall-sabadell\/wp-content\/uploads\/usu1082\/2022\/09\/WhatsApp-Image-2022-09-23-at-2.16.00-PM-768x614.jpeg 768w, https:\/\/agora.xtec.cat\/esc-jmaragall-sabadell\/wp-content\/uploads\/usu1082\/2022\/09\/WhatsApp-Image-2022-09-23-at-2.16.00-PM-1536x1229.jpeg 1536w\" sizes=\"auto, (max-width: 977px) 100vw, 977px\" \/><\/a><\/p>\n","protected":false},"excerpt":{"rendered":"<p>Els nens i les nenes de 6\u00e8 i 5\u00e8 han preparat aquesta invitaci\u00f3 per la reuni\u00f3 d&#8217;inici de curs. I tamb\u00e9, estem preparant un detallet que donarem a les fam\u00edlies que vinguin a la reuni\u00f3!!!<br \/>\nNO FALTEU!!!!<br \/>\n<a href=\"https:\/\/agora.xtec.cat\/esc-jmaragall-sabadell\/wp-content\/uploads\/usu1082\/2022\/09\/WhatsApp-Image-2022-09-23-at-2.16.00-PM.jpeg\"><\/a><\/p>\n","protected":false},"author":70,"featured_media":0,"comment_status":"open","ping_status":"closed","sticky":false,"template":"","format":"standard","meta":{"_bbp_topic_count":0,"_bbp_reply_count":0,"_bbp_total_topic_count":0,"_bbp_total_reply_count":0,"_bbp_voice_count":0,"_bbp_anonymous_reply_count":0,"_bbp_topic_count_hidden":0,"_bbp_reply_count_hidden":0,"_bbp_forum_subforum_count":0,"footnotes":""},"categories":[8,4,5,9,55],"tags":[],"class_list":["post-5072","post","type-post","status-publish","format-standard","hentry","category-8","category-portada","category-primaria","category-1423a","category-1423b"],"post_mailing_queue_ids":[],"_links":{"self":[{"href":"https:\/\/agora.xtec.cat\/esc-jmaragall-sabadell\/wp-json\/wp\/v2\/posts\/5072","targetHints":{"allow":["GET"]}}],"collection":[{"href":"https:\/\/agora.xtec.cat\/esc-jmaragall-sabadell\/wp-json\/wp\/v2\/posts"}],"about":[{"href":"https:\/\/agora.xtec.cat\/esc-jmaragall-sabadell\/wp-json\/wp\/v2\/types\/post"}],"author":[{"embeddable":true,"href":"https:\/\/agora.xtec.cat\/esc-jmaragall-sabadell\/wp-json\/wp\/v2\/users\/70"}],"replies":[{"embeddable":true,"href":"https:\/\/agora.xtec.cat\/esc-jmaragall-sabadell\/wp-json\/wp\/v2\/comments?post=5072"}],"version-history":[{"count":1,"href":"https:\/\/agora.xtec.cat\/esc-jmaragall-sabadell\/wp-json\/wp\/v2\/posts\/5072\/revisions"}],"predecessor-version":[{"id":5074,"href":"https:\/\/agora.xtec.cat\/esc-jmaragall-sabadell\/wp-json\/wp\/v2\/posts\/5072\/revisions\/5074"}],"wp:attachment":[{"href":"https:\/\/agora.xtec.cat\/esc-jmaragall-sabadell\/wp-json\/wp\/v2\/media?parent=5072"}],"wp:term":[{"taxonomy":"category","embeddable":true,"href":"https:\/\/agora.xtec.cat\/esc-jmaragall-sabadell\/wp-json\/wp\/v2\/categories?post=5072"},{"taxonomy":"post_tag","embeddable":true,"href":"https:\/\/agora.xtec.cat\/esc-jmaragall-sabadell\/wp-json\/wp\/v2\/tags?post=5072"}],"curies":[{"name":"wp","href":"https:\/\/api.w.org\/{rel}","templated":true}]}}