{"id":5046,"date":"2022-06-28T10:35:53","date_gmt":"2022-06-28T08:35:53","guid":{"rendered":"https:\/\/agora.xtec.cat\/esc-jmaragall-sabadell\/?p=5046"},"modified":"2022-06-28T16:49:25","modified_gmt":"2022-06-28T14:49:25","slug":"acomiadem-6e","status":"publish","type":"post","link":"https:\/\/agora.xtec.cat\/esc-jmaragall-sabadell\/portada\/acomiadem-6e\/","title":{"rendered":"Acomiadem 6\u00e8"},"content":{"rendered":"<p><iframe loading=\"lazy\" title=\"COMIAT 6\u00e8 Curs 2021-2022\" width=\"500\" height=\"281\" src=\"https:\/\/www.youtube.com\/embed\/t0wOIXCy9i4?feature=oembed\" frameborder=\"0\" allow=\"accelerometer; autoplay; clipboard-write; encrypted-media; gyroscope; picture-in-picture; web-share\" referrerpolicy=\"strict-origin-when-cross-origin\" allowfullscreen><\/iframe><\/p>\n<p>El passat 22 de juny ens tocava acomiadar a l&#8217;alumnat de sis\u00e8. Marxava la promoci\u00f3 2013-2022; una promoci\u00f3 plena d&#8217;alegria, aventures, projectes i sobretot moltes viv\u00e8ncies \u00faniques. Mai ens oblidarem de totes i tots vosaltres i com ja sabeu les portes de l&#8217;escola sempre estaran obertes! Us trobarem molt a faltar!<\/p>\n","protected":false},"excerpt":{"rendered":"<p>El passat 22 de juny ens tocava acomiadar a l&#8217;alumnat de sis\u00e8. Marxava la promoci\u00f3 2013-2022; una promoci\u00f3 plena d&#8217;alegria, aventures, projectes i sobretot moltes viv\u00e8ncies \u00faniques. Mai ens oblidarem de totes i tots vosaltres i com ja sabeu les portes de l&#8217;escola sempre estaran&hellip;  <a href=\"https:\/\/agora.xtec.cat\/esc-jmaragall-sabadell\/portada\/acomiadem-6e\/\" title=\"Read Acomiadem 6\u00e8\">Llegeix m\u00e9s\u00bb<\/a><\/p>\n","protected":false},"author":11,"featured_media":5047,"comment_status":"open","ping_status":"closed","sticky":false,"template":"","format":"standard","meta":{"_bbp_topic_count":0,"_bbp_reply_count":0,"_bbp_total_topic_count":0,"_bbp_total_reply_count":0,"_bbp_voice_count":0,"_bbp_anonymous_reply_count":0,"_bbp_topic_count_hidden":0,"_bbp_reply_count_hidden":0,"_bbp_forum_subforum_count":0,"footnotes":""},"categories":[4,10,56],"tags":[82,187,256],"class_list":["post-5046","post","type-post","status-publish","format-standard","has-post-thumbnail","hentry","category-portada","category-1322a","category-1322b","tag-6e","tag-cicle-superior","tag-comiat-6e"],"post_mailing_queue_ids":[],"_links":{"self":[{"href":"https:\/\/agora.xtec.cat\/esc-jmaragall-sabadell\/wp-json\/wp\/v2\/posts\/5046","targetHints":{"allow":["GET"]}}],"collection":[{"href":"https:\/\/agora.xtec.cat\/esc-jmaragall-sabadell\/wp-json\/wp\/v2\/posts"}],"about":[{"href":"https:\/\/agora.xtec.cat\/esc-jmaragall-sabadell\/wp-json\/wp\/v2\/types\/post"}],"author":[{"embeddable":true,"href":"https:\/\/agora.xtec.cat\/esc-jmaragall-sabadell\/wp-json\/wp\/v2\/users\/11"}],"replies":[{"embeddable":true,"href":"https:\/\/agora.xtec.cat\/esc-jmaragall-sabadell\/wp-json\/wp\/v2\/comments?post=5046"}],"version-history":[{"count":3,"href":"https:\/\/agora.xtec.cat\/esc-jmaragall-sabadell\/wp-json\/wp\/v2\/posts\/5046\/revisions"}],"predecessor-version":[{"id":5051,"href":"https:\/\/agora.xtec.cat\/esc-jmaragall-sabadell\/wp-json\/wp\/v2\/posts\/5046\/revisions\/5051"}],"wp:featuredmedia":[{"embeddable":true,"href":"https:\/\/agora.xtec.cat\/esc-jmaragall-sabadell\/wp-json\/wp\/v2\/media\/5047"}],"wp:attachment":[{"href":"https:\/\/agora.xtec.cat\/esc-jmaragall-sabadell\/wp-json\/wp\/v2\/media?parent=5046"}],"wp:term":[{"taxonomy":"category","embeddable":true,"href":"https:\/\/agora.xtec.cat\/esc-jmaragall-sabadell\/wp-json\/wp\/v2\/categories?post=5046"},{"taxonomy":"post_tag","embeddable":true,"href":"https:\/\/agora.xtec.cat\/esc-jmaragall-sabadell\/wp-json\/wp\/v2\/tags?post=5046"}],"curies":[{"name":"wp","href":"https:\/\/api.w.org\/{rel}","templated":true}]}}