{"id":4960,"date":"2022-05-26T13:15:00","date_gmt":"2022-05-26T11:15:00","guid":{"rendered":"https:\/\/agora.xtec.cat\/esc-jmaragall-sabadell\/?p=4960"},"modified":"2022-05-26T13:35:46","modified_gmt":"2022-05-26T11:35:46","slug":"la-senyora-solidaritat","status":"publish","type":"post","link":"https:\/\/agora.xtec.cat\/esc-jmaragall-sabadell\/portada\/la-senyora-solidaritat\/","title":{"rendered":"La Senyora Solidaritat"},"content":{"rendered":"<p>Les nenes i nens de 4t hem treballat el valor de la Solidaritat a MUS-E. All\u00e0, vam experimentar aquesta emoci\u00f3 i, tot seguit, ens vam posar mans a l&#8217;obra per crear una obra de teatre i aix\u00ed donar a con\u00e8ixer a la resta de la comunitat educativa tot el que hem apr\u00e8s sobre aquest valor. Aix\u00ed que aqu\u00ed us deixem la nostra petita hist\u00f2ria, tant la de 4tA com de 4tB. Gaudiu-la, \u00e9s tota vostra!<\/p>\n<p>&nbsp;<\/p>\n<p><iframe loading=\"lazy\" title=\"DIA MUSE QUART A\" width=\"500\" height=\"281\" src=\"https:\/\/www.youtube.com\/embed\/o4HsrRCvjd8?feature=oembed\" frameborder=\"0\" allow=\"accelerometer; autoplay; clipboard-write; encrypted-media; gyroscope; picture-in-picture; web-share\" referrerpolicy=\"strict-origin-when-cross-origin\" allowfullscreen><\/iframe><\/p>\n<p>&nbsp;<\/p>\n<p><iframe loading=\"lazy\" title=\"DIA MUSE QUART B\" width=\"500\" height=\"281\" src=\"https:\/\/www.youtube.com\/embed\/7tF98E_YuhI?feature=oembed\" frameborder=\"0\" allow=\"accelerometer; autoplay; clipboard-write; encrypted-media; gyroscope; picture-in-picture; web-share\" referrerpolicy=\"strict-origin-when-cross-origin\" allowfullscreen><\/iframe><\/p>\n","protected":false},"excerpt":{"rendered":"<p>Les nenes i nens de 4t hem treballat el valor de la Solidaritat a MUS-E. All\u00e0, vam experimentar aquesta emoci\u00f3 i, tot seguit, ens vam posar mans a l&#8217;obra per crear una obra de teatre i aix\u00ed donar a con\u00e8ixer a la resta de la&hellip;  <a href=\"https:\/\/agora.xtec.cat\/esc-jmaragall-sabadell\/portada\/la-senyora-solidaritat\/\" title=\"Read La Senyora Solidaritat\">Llegeix m\u00e9s\u00bb<\/a><\/p>\n","protected":false},"author":96,"featured_media":4961,"comment_status":"open","ping_status":"closed","sticky":false,"template":"","format":"standard","meta":{"_bbp_topic_count":0,"_bbp_reply_count":0,"_bbp_total_topic_count":0,"_bbp_total_reply_count":0,"_bbp_voice_count":0,"_bbp_anonymous_reply_count":0,"_bbp_topic_count_hidden":0,"_bbp_reply_count_hidden":0,"_bbp_forum_subforum_count":0,"footnotes":""},"categories":[8,62,4],"tags":[103,104,175],"class_list":["post-4960","post","type-post","status-publish","format-standard","has-post-thumbnail","hentry","category-8","category-muse","category-portada","tag-4ta","tag-4tb","tag-muse"],"post_mailing_queue_ids":[],"_links":{"self":[{"href":"https:\/\/agora.xtec.cat\/esc-jmaragall-sabadell\/wp-json\/wp\/v2\/posts\/4960","targetHints":{"allow":["GET"]}}],"collection":[{"href":"https:\/\/agora.xtec.cat\/esc-jmaragall-sabadell\/wp-json\/wp\/v2\/posts"}],"about":[{"href":"https:\/\/agora.xtec.cat\/esc-jmaragall-sabadell\/wp-json\/wp\/v2\/types\/post"}],"author":[{"embeddable":true,"href":"https:\/\/agora.xtec.cat\/esc-jmaragall-sabadell\/wp-json\/wp\/v2\/users\/96"}],"replies":[{"embeddable":true,"href":"https:\/\/agora.xtec.cat\/esc-jmaragall-sabadell\/wp-json\/wp\/v2\/comments?post=4960"}],"version-history":[{"count":3,"href":"https:\/\/agora.xtec.cat\/esc-jmaragall-sabadell\/wp-json\/wp\/v2\/posts\/4960\/revisions"}],"predecessor-version":[{"id":4966,"href":"https:\/\/agora.xtec.cat\/esc-jmaragall-sabadell\/wp-json\/wp\/v2\/posts\/4960\/revisions\/4966"}],"wp:featuredmedia":[{"embeddable":true,"href":"https:\/\/agora.xtec.cat\/esc-jmaragall-sabadell\/wp-json\/wp\/v2\/media\/4961"}],"wp:attachment":[{"href":"https:\/\/agora.xtec.cat\/esc-jmaragall-sabadell\/wp-json\/wp\/v2\/media?parent=4960"}],"wp:term":[{"taxonomy":"category","embeddable":true,"href":"https:\/\/agora.xtec.cat\/esc-jmaragall-sabadell\/wp-json\/wp\/v2\/categories?post=4960"},{"taxonomy":"post_tag","embeddable":true,"href":"https:\/\/agora.xtec.cat\/esc-jmaragall-sabadell\/wp-json\/wp\/v2\/tags?post=4960"}],"curies":[{"name":"wp","href":"https:\/\/api.w.org\/{rel}","templated":true}]}}