{"id":4946,"date":"2022-05-20T12:14:10","date_gmt":"2022-05-20T10:14:10","guid":{"rendered":"https:\/\/agora.xtec.cat\/esc-jmaragall-sabadell\/?p=4946"},"modified":"2022-05-21T21:37:30","modified_gmt":"2022-05-21T19:37:30","slug":"les-quatre-estacions-de-antoni-vivaldi","status":"publish","type":"post","link":"https:\/\/agora.xtec.cat\/esc-jmaragall-sabadell\/general\/les-quatre-estacions-de-antoni-vivaldi\/","title":{"rendered":"Les quatre estacions d&#8217;Antoni Vivaldi"},"content":{"rendered":"<p>Les sessions de dansa d\u2019Educaci\u00f3 Infantil s\u2019han dedicat a treballar les diferents estacions de l\u2019any. Els infants han pogut dansar de forma lliure i creativa amb teles de diferents colors: amb colors vermellosos i taronges a la tardor, amb diferents tonalitats de blaus i liles a l\u2019hivern i amb grocs, f\u00facsies i roses a l\u2019estiu.<\/p>\n<p>Com a activitat final els infants han representat davant de les fam\u00edlies \u201cLes quatre estacions de Vivaldi\u201d: els infants d\u2019I4 han ballat la tardor representant arbres que els hi cauen les fulles, les nenes i nens d\u2019I3 l\u2019hivern simbolitzant el fred que fa durant aquesta estaci\u00f3 de l\u2019any i els d\u2019I5 la primavera imitant moviments de flors que estan florint i el vol dels ocells. Feliciteu-los molt perqu\u00e8 ho han fet molt i molt b\u00e9! A continuaci\u00f3 teniu l\u2019enlla\u00e7 del v\u00eddeo.<\/p>\n<p><iframe loading=\"lazy\" title=\"Dia MUSE Educaci\u00f3 infantil. Les quatre estacions A. Vivaldi\" width=\"500\" height=\"281\" src=\"https:\/\/www.youtube.com\/embed\/KxnjHrl-pEA?start=10&#038;feature=oembed\" frameborder=\"0\" allow=\"accelerometer; autoplay; clipboard-write; encrypted-media; gyroscope; picture-in-picture; web-share\" referrerpolicy=\"strict-origin-when-cross-origin\" allowfullscreen><\/iframe><\/p>\n<p>&nbsp;<\/p>\n","protected":false},"excerpt":{"rendered":"<p>Les sessions de dansa d\u2019Educaci\u00f3 Infantil s\u2019han dedicat a treballar les diferents estacions de l\u2019any. Els infants han pogut dansar de forma lliure i creativa amb teles de diferents colors: amb colors vermellosos i taronges a la tardor, amb diferents tonalitats de blaus i liles&hellip;  <a href=\"https:\/\/agora.xtec.cat\/esc-jmaragall-sabadell\/general\/les-quatre-estacions-de-antoni-vivaldi\/\" title=\"Read Les quatre estacions d&#8217;Antoni Vivaldi\">Llegeix m\u00e9s\u00bb<\/a><\/p>\n","protected":false},"author":37,"featured_media":4947,"comment_status":"open","ping_status":"closed","sticky":false,"template":"","format":"standard","meta":{"_bbp_topic_count":0,"_bbp_reply_count":0,"_bbp_total_topic_count":0,"_bbp_total_reply_count":0,"_bbp_voice_count":0,"_bbp_anonymous_reply_count":0,"_bbp_topic_count_hidden":0,"_bbp_reply_count_hidden":0,"_bbp_forum_subforum_count":0,"footnotes":""},"categories":[1,2,62,4],"tags":[263,75,175],"class_list":["post-4946","post","type-post","status-publish","format-standard","has-post-thumbnail","hentry","category-general","category-infantil","category-muse","category-portada","tag-dansa","tag-infantil","tag-muse"],"post_mailing_queue_ids":[],"_links":{"self":[{"href":"https:\/\/agora.xtec.cat\/esc-jmaragall-sabadell\/wp-json\/wp\/v2\/posts\/4946","targetHints":{"allow":["GET"]}}],"collection":[{"href":"https:\/\/agora.xtec.cat\/esc-jmaragall-sabadell\/wp-json\/wp\/v2\/posts"}],"about":[{"href":"https:\/\/agora.xtec.cat\/esc-jmaragall-sabadell\/wp-json\/wp\/v2\/types\/post"}],"author":[{"embeddable":true,"href":"https:\/\/agora.xtec.cat\/esc-jmaragall-sabadell\/wp-json\/wp\/v2\/users\/37"}],"replies":[{"embeddable":true,"href":"https:\/\/agora.xtec.cat\/esc-jmaragall-sabadell\/wp-json\/wp\/v2\/comments?post=4946"}],"version-history":[{"count":3,"href":"https:\/\/agora.xtec.cat\/esc-jmaragall-sabadell\/wp-json\/wp\/v2\/posts\/4946\/revisions"}],"predecessor-version":[{"id":4950,"href":"https:\/\/agora.xtec.cat\/esc-jmaragall-sabadell\/wp-json\/wp\/v2\/posts\/4946\/revisions\/4950"}],"wp:featuredmedia":[{"embeddable":true,"href":"https:\/\/agora.xtec.cat\/esc-jmaragall-sabadell\/wp-json\/wp\/v2\/media\/4947"}],"wp:attachment":[{"href":"https:\/\/agora.xtec.cat\/esc-jmaragall-sabadell\/wp-json\/wp\/v2\/media?parent=4946"}],"wp:term":[{"taxonomy":"category","embeddable":true,"href":"https:\/\/agora.xtec.cat\/esc-jmaragall-sabadell\/wp-json\/wp\/v2\/categories?post=4946"},{"taxonomy":"post_tag","embeddable":true,"href":"https:\/\/agora.xtec.cat\/esc-jmaragall-sabadell\/wp-json\/wp\/v2\/tags?post=4946"}],"curies":[{"name":"wp","href":"https:\/\/api.w.org\/{rel}","templated":true}]}}