{"id":4826,"date":"2021-10-23T16:48:10","date_gmt":"2021-10-23T14:48:10","guid":{"rendered":"https:\/\/agora.xtec.cat\/esc-jmaragall-sabadell\/?p=4826"},"modified":"2021-10-23T16:48:10","modified_gmt":"2021-10-23T14:48:10","slug":"solidaris-es-amb-el-ceip-la-laguna","status":"publish","type":"post","link":"https:\/\/agora.xtec.cat\/esc-jmaragall-sabadell\/general\/solidaris-es-amb-el-ceip-la-laguna\/","title":{"rendered":"Solidaris\/es amb el &#8220;CEIP LA LAGUNA&#8221;"},"content":{"rendered":"<p>Ja fa un mes que el volc\u00e0 CUMBRE VIEJA va entrar en erupci\u00f3 i des de l&#8217;escola hem parlat des del primer dia, l&#8217;alumnat s&#8217;ha anat conscienciant dia a dia amb les not\u00edcies i les converses que anaven sorgint a l&#8217;aula.<\/p>\n<p>&nbsp;<\/p>\n<p>Per tothom ha estat un trasbalt ja que per l&#8217;alumnat l&#8217;escola \u00e9s m\u00e9s que el lloc on aprenem, \u00e9s com casa nostra. Per tant ens hem intentat posar a la pell dels ciutadans i ciutadanes de La Palma i hem volgut posar el nostre granet de sorra; &#8220;tot i estar lluny us ajudarem nens i nenes de La Laguna&#8221;. Per aix\u00f2 l&#8217;alumnat de tota l&#8217;escola hem fet uns detallets personalitzats que en uns dies els nostres amics i amigues del CEIP LA LAGUNA podran disfrutar.<\/p>\n<p><a href=\"https:\/\/agora.xtec.cat\/esc-jmaragall-sabadell\/wp-content\/uploads\/usu1082\/2021\/10\/IMG-20211023-WA0038.jpg\"><img loading=\"lazy\" decoding=\"async\" src=\"https:\/\/agora.xtec.cat\/esc-jmaragall-sabadell\/wp-content\/uploads\/usu1082\/2021\/10\/IMG-20211023-WA0038-768x1024.jpg\" alt=\"\" width=\"768\" height=\"1024\" \/><\/a><\/p>\n<p><a href=\"https:\/\/agora.xtec.cat\/esc-jmaragall-sabadell\/wp-content\/uploads\/usu1082\/2021\/10\/IMG-20211023-WA0034.jpg\"><img loading=\"lazy\" decoding=\"async\" class=\"alignnone size-large wp-image-4831\" src=\"https:\/\/agora.xtec.cat\/esc-jmaragall-sabadell\/wp-content\/uploads\/usu1082\/2021\/10\/IMG-20211023-WA0034-768x1024.jpg\" alt=\"\" width=\"768\" height=\"1024\" srcset=\"https:\/\/agora.xtec.cat\/esc-jmaragall-sabadell\/wp-content\/uploads\/usu1082\/2021\/10\/IMG-20211023-WA0034-768x1024.jpg 768w, https:\/\/agora.xtec.cat\/esc-jmaragall-sabadell\/wp-content\/uploads\/usu1082\/2021\/10\/IMG-20211023-WA0034-225x300.jpg 225w, https:\/\/agora.xtec.cat\/esc-jmaragall-sabadell\/wp-content\/uploads\/usu1082\/2021\/10\/IMG-20211023-WA0034-1152x1536.jpg 1152w, https:\/\/agora.xtec.cat\/esc-jmaragall-sabadell\/wp-content\/uploads\/usu1082\/2021\/10\/IMG-20211023-WA0034.jpg 1200w\" sizes=\"auto, (max-width: 768px) 100vw, 768px\" \/><\/a> <a href=\"https:\/\/agora.xtec.cat\/esc-jmaragall-sabadell\/wp-content\/uploads\/usu1082\/2021\/10\/IMG-20211023-WA0039.jpg\"><img loading=\"lazy\" decoding=\"async\" class=\"alignnone size-large wp-image-4832\" src=\"https:\/\/agora.xtec.cat\/esc-jmaragall-sabadell\/wp-content\/uploads\/usu1082\/2021\/10\/IMG-20211023-WA0039-768x1024.jpg\" alt=\"\" width=\"768\" height=\"1024\" srcset=\"https:\/\/agora.xtec.cat\/esc-jmaragall-sabadell\/wp-content\/uploads\/usu1082\/2021\/10\/IMG-20211023-WA0039-768x1024.jpg 768w, https:\/\/agora.xtec.cat\/esc-jmaragall-sabadell\/wp-content\/uploads\/usu1082\/2021\/10\/IMG-20211023-WA0039-225x300.jpg 225w, https:\/\/agora.xtec.cat\/esc-jmaragall-sabadell\/wp-content\/uploads\/usu1082\/2021\/10\/IMG-20211023-WA0039-1152x1536.jpg 1152w, https:\/\/agora.xtec.cat\/esc-jmaragall-sabadell\/wp-content\/uploads\/usu1082\/2021\/10\/IMG-20211023-WA0039.jpg 1200w\" sizes=\"auto, (max-width: 768px) 100vw, 768px\" \/><\/a><\/p>\n<p>Mentre l&#8217;alumnat de cicle superior estava fent els clauers i les cartes pels nens i nenes el programa INFO K ens venia a veure.<\/p>\n<p><a href=\"https:\/\/agora.xtec.cat\/esc-jmaragall-sabadell\/wp-content\/uploads\/usu1082\/2021\/10\/IMG-20211021-WA0008.jpg\"><img loading=\"lazy\" decoding=\"async\" class=\"alignnone size-large wp-image-4829\" src=\"https:\/\/agora.xtec.cat\/esc-jmaragall-sabadell\/wp-content\/uploads\/usu1082\/2021\/10\/IMG-20211021-WA0008-1024x768.jpg\" alt=\"\" width=\"1024\" height=\"768\" srcset=\"https:\/\/agora.xtec.cat\/esc-jmaragall-sabadell\/wp-content\/uploads\/usu1082\/2021\/10\/IMG-20211021-WA0008-1024x768.jpg 1024w, https:\/\/agora.xtec.cat\/esc-jmaragall-sabadell\/wp-content\/uploads\/usu1082\/2021\/10\/IMG-20211021-WA0008-300x225.jpg 300w, https:\/\/agora.xtec.cat\/esc-jmaragall-sabadell\/wp-content\/uploads\/usu1082\/2021\/10\/IMG-20211021-WA0008-768x576.jpg 768w, https:\/\/agora.xtec.cat\/esc-jmaragall-sabadell\/wp-content\/uploads\/usu1082\/2021\/10\/IMG-20211021-WA0008-1536x1152.jpg 1536w, https:\/\/agora.xtec.cat\/esc-jmaragall-sabadell\/wp-content\/uploads\/usu1082\/2021\/10\/IMG-20211021-WA0008-200x150.jpg 200w, https:\/\/agora.xtec.cat\/esc-jmaragall-sabadell\/wp-content\/uploads\/usu1082\/2021\/10\/IMG-20211021-WA0008.jpg 1600w\" sizes=\"auto, (max-width: 1024px) 100vw, 1024px\" \/><\/a><\/p>\n<p>Cal donar les GR\u00c0CIES a tota la comunitat educativa; alumnat, fam\u00edlies i personal de l&#8217;escola, per aportar de manera solid\u00e0ria els diners que permetr\u00e0 enviar tots els detallets que l&#8217;alumnat ha fet amb el cor. Sense la vostra ajuda ser\u00e0 possible aconseguir el somriure de cadascun dels nens i nenes que per desgr\u00e0cia ara no gosen d&#8217;anar a l&#8217;escola.<\/p>\n<p><a href=\"https:\/\/agora.xtec.cat\/esc-jmaragall-sabadell\/wp-content\/uploads\/usu1082\/2021\/10\/IMG-20211023-WA0036.jpg\"><img loading=\"lazy\" decoding=\"async\" class=\"alignnone size-large wp-image-4835\" src=\"https:\/\/agora.xtec.cat\/esc-jmaragall-sabadell\/wp-content\/uploads\/usu1082\/2021\/10\/IMG-20211023-WA0036-768x1024.jpg\" alt=\"\" width=\"768\" height=\"1024\" srcset=\"https:\/\/agora.xtec.cat\/esc-jmaragall-sabadell\/wp-content\/uploads\/usu1082\/2021\/10\/IMG-20211023-WA0036-768x1024.jpg 768w, https:\/\/agora.xtec.cat\/esc-jmaragall-sabadell\/wp-content\/uploads\/usu1082\/2021\/10\/IMG-20211023-WA0036-225x300.jpg 225w, https:\/\/agora.xtec.cat\/esc-jmaragall-sabadell\/wp-content\/uploads\/usu1082\/2021\/10\/IMG-20211023-WA0036-1152x1536.jpg 1152w, https:\/\/agora.xtec.cat\/esc-jmaragall-sabadell\/wp-content\/uploads\/usu1082\/2021\/10\/IMG-20211023-WA0036.jpg 1200w\" sizes=\"auto, (max-width: 768px) 100vw, 768px\" \/><\/a><\/p>\n","protected":false},"excerpt":{"rendered":"<p>Ja fa un mes que el volc\u00e0 CUMBRE VIEJA va entrar en erupci\u00f3 i des de l&#8217;escola hem parlat des del primer dia, l&#8217;alumnat s&#8217;ha anat conscienciant dia a dia amb les not\u00edcies i les converses que anaven sorgint a l&#8217;aula.<br \/>\n&nbsp;<br \/>\nPer tothom ha estat un&hellip;  <a href=\"https:\/\/agora.xtec.cat\/esc-jmaragall-sabadell\/general\/solidaris-es-amb-el-ceip-la-laguna\/\" title=\"Read Solidaris\/es amb el &#8220;CEIP LA LAGUNA&#8221;\">Llegeix m\u00e9s\u00bb<\/a><\/p>\n","protected":false},"author":36,"featured_media":4837,"comment_status":"open","ping_status":"closed","sticky":false,"template":"","format":"standard","meta":{"_bbp_topic_count":0,"_bbp_reply_count":0,"_bbp_total_topic_count":0,"_bbp_total_reply_count":0,"_bbp_voice_count":0,"_bbp_anonymous_reply_count":0,"_bbp_topic_count_hidden":0,"_bbp_reply_count_hidden":0,"_bbp_forum_subforum_count":0,"footnotes":""},"categories":[1,4],"tags":[],"class_list":["post-4826","post","type-post","status-publish","format-standard","has-post-thumbnail","hentry","category-general","category-portada"],"post_mailing_queue_ids":[],"_links":{"self":[{"href":"https:\/\/agora.xtec.cat\/esc-jmaragall-sabadell\/wp-json\/wp\/v2\/posts\/4826","targetHints":{"allow":["GET"]}}],"collection":[{"href":"https:\/\/agora.xtec.cat\/esc-jmaragall-sabadell\/wp-json\/wp\/v2\/posts"}],"about":[{"href":"https:\/\/agora.xtec.cat\/esc-jmaragall-sabadell\/wp-json\/wp\/v2\/types\/post"}],"author":[{"embeddable":true,"href":"https:\/\/agora.xtec.cat\/esc-jmaragall-sabadell\/wp-json\/wp\/v2\/users\/36"}],"replies":[{"embeddable":true,"href":"https:\/\/agora.xtec.cat\/esc-jmaragall-sabadell\/wp-json\/wp\/v2\/comments?post=4826"}],"version-history":[{"count":3,"href":"https:\/\/agora.xtec.cat\/esc-jmaragall-sabadell\/wp-json\/wp\/v2\/posts\/4826\/revisions"}],"predecessor-version":[{"id":4838,"href":"https:\/\/agora.xtec.cat\/esc-jmaragall-sabadell\/wp-json\/wp\/v2\/posts\/4826\/revisions\/4838"}],"wp:featuredmedia":[{"embeddable":true,"href":"https:\/\/agora.xtec.cat\/esc-jmaragall-sabadell\/wp-json\/wp\/v2\/media\/4837"}],"wp:attachment":[{"href":"https:\/\/agora.xtec.cat\/esc-jmaragall-sabadell\/wp-json\/wp\/v2\/media?parent=4826"}],"wp:term":[{"taxonomy":"category","embeddable":true,"href":"https:\/\/agora.xtec.cat\/esc-jmaragall-sabadell\/wp-json\/wp\/v2\/categories?post=4826"},{"taxonomy":"post_tag","embeddable":true,"href":"https:\/\/agora.xtec.cat\/esc-jmaragall-sabadell\/wp-json\/wp\/v2\/tags?post=4826"}],"curies":[{"name":"wp","href":"https:\/\/api.w.org\/{rel}","templated":true}]}}