{"id":4789,"date":"2021-06-17T23:06:56","date_gmt":"2021-06-17T21:06:56","guid":{"rendered":"http:\/\/agora.xtec.cat\/esc-jmaragall-sabadell\/?p=4789"},"modified":"2021-06-18T09:16:48","modified_gmt":"2021-06-18T07:16:48","slug":"la-corxera-viatgera-de-2n","status":"publish","type":"post","link":"https:\/\/agora.xtec.cat\/esc-jmaragall-sabadell\/general\/la-corxera-viatgera-de-2n\/","title":{"rendered":"La corxera viatgera de 2n!"},"content":{"rendered":"<p>Durant tot el curs, a les mat\u00e8ries de m\u00fasica i d&#8217;expressi\u00f3 oral, els nens i les nenes de 2n han exposat una can\u00e7\u00f3 tradicional del pa\u00eds d&#8217;origen de la seva fam\u00edlia. Ha estat un projecte molt enriquidor i cultural!<\/p>\n<p>Gr\u00e0cies fam\u00edlies per ajudar als vostres fills i filles \ud83d\ude42<\/p>\n<p><iframe loading=\"lazy\" title=\"CORXERA VIATGERA\" width=\"500\" height=\"281\" src=\"https:\/\/www.youtube.com\/embed\/Zw46aFRiqBQ?feature=oembed\" frameborder=\"0\" allow=\"accelerometer; autoplay; clipboard-write; encrypted-media; gyroscope; picture-in-picture; web-share\" referrerpolicy=\"strict-origin-when-cross-origin\" allowfullscreen><\/iframe><\/p>\n","protected":false},"excerpt":{"rendered":"<p>Durant tot el curs, a les mat\u00e8ries de m\u00fasica i d&#8217;expressi\u00f3 oral, els nens i les nenes de 2n han exposat una can\u00e7\u00f3 tradicional del pa\u00eds d&#8217;origen de la seva fam\u00edlia. Ha estat un projecte molt enriquidor i cultural!<br \/>\nGr\u00e0cies fam\u00edlies per ajudar als vostres fills&hellip;  <a href=\"https:\/\/agora.xtec.cat\/esc-jmaragall-sabadell\/general\/la-corxera-viatgera-de-2n\/\" title=\"Read La corxera viatgera de 2n!\">Llegeix m\u00e9s\u00bb<\/a><\/p>\n","protected":false},"author":19,"featured_media":4790,"comment_status":"open","ping_status":"closed","sticky":false,"template":"","format":"standard","meta":{"_bbp_topic_count":0,"_bbp_reply_count":0,"_bbp_total_topic_count":0,"_bbp_total_reply_count":0,"_bbp_voice_count":0,"_bbp_anonymous_reply_count":0,"_bbp_topic_count_hidden":0,"_bbp_reply_count_hidden":0,"_bbp_forum_subforum_count":0,"footnotes":""},"categories":[3,1,4],"tags":[],"class_list":["post-4789","post","type-post","status-publish","format-standard","has-post-thumbnail","hentry","category-3","category-general","category-portada"],"post_mailing_queue_ids":[],"_links":{"self":[{"href":"https:\/\/agora.xtec.cat\/esc-jmaragall-sabadell\/wp-json\/wp\/v2\/posts\/4789","targetHints":{"allow":["GET"]}}],"collection":[{"href":"https:\/\/agora.xtec.cat\/esc-jmaragall-sabadell\/wp-json\/wp\/v2\/posts"}],"about":[{"href":"https:\/\/agora.xtec.cat\/esc-jmaragall-sabadell\/wp-json\/wp\/v2\/types\/post"}],"author":[{"embeddable":true,"href":"https:\/\/agora.xtec.cat\/esc-jmaragall-sabadell\/wp-json\/wp\/v2\/users\/19"}],"replies":[{"embeddable":true,"href":"https:\/\/agora.xtec.cat\/esc-jmaragall-sabadell\/wp-json\/wp\/v2\/comments?post=4789"}],"version-history":[{"count":1,"href":"https:\/\/agora.xtec.cat\/esc-jmaragall-sabadell\/wp-json\/wp\/v2\/posts\/4789\/revisions"}],"predecessor-version":[{"id":4791,"href":"https:\/\/agora.xtec.cat\/esc-jmaragall-sabadell\/wp-json\/wp\/v2\/posts\/4789\/revisions\/4791"}],"wp:featuredmedia":[{"embeddable":true,"href":"https:\/\/agora.xtec.cat\/esc-jmaragall-sabadell\/wp-json\/wp\/v2\/media\/4790"}],"wp:attachment":[{"href":"https:\/\/agora.xtec.cat\/esc-jmaragall-sabadell\/wp-json\/wp\/v2\/media?parent=4789"}],"wp:term":[{"taxonomy":"category","embeddable":true,"href":"https:\/\/agora.xtec.cat\/esc-jmaragall-sabadell\/wp-json\/wp\/v2\/categories?post=4789"},{"taxonomy":"post_tag","embeddable":true,"href":"https:\/\/agora.xtec.cat\/esc-jmaragall-sabadell\/wp-json\/wp\/v2\/tags?post=4789"}],"curies":[{"name":"wp","href":"https:\/\/api.w.org\/{rel}","templated":true}]}}