{"id":4727,"date":"2021-06-04T22:45:56","date_gmt":"2021-06-04T20:45:56","guid":{"rendered":"http:\/\/agora.xtec.cat\/esc-jmaragall-sabadell\/?p=4727"},"modified":"2021-06-04T22:49:08","modified_gmt":"2021-06-04T20:49:08","slug":"5e-a-finalitzem-el-projecte-les-nostres-arrels","status":"publish","type":"post","link":"https:\/\/agora.xtec.cat\/esc-jmaragall-sabadell\/general\/5e-a-finalitzem-el-projecte-les-nostres-arrels\/","title":{"rendered":"5\u00e8 A finalitzem el projecte: &#8220;Les nostres arrels&#8221;"},"content":{"rendered":"<p style=\"text-align: justify;\">Tot va sorgir a partir d&#8217;una activitat de llengua on hav\u00edem de portar una recepta de cuina per tal de treballar el text instructiu i la proporcionalitat. Vam acabar fent el KEKE DE PI\u00d1A procedent del PER\u00da, pa\u00eds nadiu d&#8217;un dels nostres companys. Amb un afegit; la llengua anglesa. Vam aprofitar que la Sof\u00eda estava amb nosaltres per treballar el vocabulari en angl\u00e8s.<\/p>\n<p><a href=\"https:\/\/agora.xtec.cat\/esc-jmaragall-sabadell\/wp-content\/uploads\/usu1082\/2021\/06\/IMG_20201126_100304.jpg\"><img loading=\"lazy\" decoding=\"async\" class=\"size-large wp-image-4728 alignright\" src=\"https:\/\/agora.xtec.cat\/esc-jmaragall-sabadell\/wp-content\/uploads\/usu1082\/2021\/06\/IMG_20201126_100304-1024x768.jpg\" alt=\"\" width=\"1024\" height=\"768\" srcset=\"https:\/\/agora.xtec.cat\/esc-jmaragall-sabadell\/wp-content\/uploads\/usu1082\/2021\/06\/IMG_20201126_100304-1024x768.jpg 1024w, https:\/\/agora.xtec.cat\/esc-jmaragall-sabadell\/wp-content\/uploads\/usu1082\/2021\/06\/IMG_20201126_100304-300x225.jpg 300w, https:\/\/agora.xtec.cat\/esc-jmaragall-sabadell\/wp-content\/uploads\/usu1082\/2021\/06\/IMG_20201126_100304-768x576.jpg 768w, https:\/\/agora.xtec.cat\/esc-jmaragall-sabadell\/wp-content\/uploads\/usu1082\/2021\/06\/IMG_20201126_100304-200x150.jpg 200w, https:\/\/agora.xtec.cat\/esc-jmaragall-sabadell\/wp-content\/uploads\/usu1082\/2021\/06\/IMG_20201126_100304.jpg 1200w\" sizes=\"auto, (max-width: 1024px) 100vw, 1024px\" \/><\/a><a href=\"https:\/\/agora.xtec.cat\/esc-jmaragall-sabadell\/wp-content\/uploads\/usu1082\/2021\/06\/IMG_20201126_100426.jpg\"><img loading=\"lazy\" decoding=\"async\" class=\"size-large wp-image-4729 alignright\" src=\"https:\/\/agora.xtec.cat\/esc-jmaragall-sabadell\/wp-content\/uploads\/usu1082\/2021\/06\/IMG_20201126_100426-1024x768.jpg\" alt=\"\" width=\"1024\" height=\"768\" srcset=\"https:\/\/agora.xtec.cat\/esc-jmaragall-sabadell\/wp-content\/uploads\/usu1082\/2021\/06\/IMG_20201126_100426-1024x768.jpg 1024w, https:\/\/agora.xtec.cat\/esc-jmaragall-sabadell\/wp-content\/uploads\/usu1082\/2021\/06\/IMG_20201126_100426-300x225.jpg 300w, https:\/\/agora.xtec.cat\/esc-jmaragall-sabadell\/wp-content\/uploads\/usu1082\/2021\/06\/IMG_20201126_100426-768x576.jpg 768w, https:\/\/agora.xtec.cat\/esc-jmaragall-sabadell\/wp-content\/uploads\/usu1082\/2021\/06\/IMG_20201126_100426-200x150.jpg 200w, https:\/\/agora.xtec.cat\/esc-jmaragall-sabadell\/wp-content\/uploads\/usu1082\/2021\/06\/IMG_20201126_100426.jpg 1200w\" sizes=\"auto, (max-width: 1024px) 100vw, 1024px\" \/><\/a><\/p>\n<p><a href=\"https:\/\/agora.xtec.cat\/esc-jmaragall-sabadell\/wp-content\/uploads\/usu1082\/2021\/06\/IMG_20201126_100430.jpg\"><img loading=\"lazy\" decoding=\"async\" class=\"alignnone size-large wp-image-4730\" src=\"https:\/\/agora.xtec.cat\/esc-jmaragall-sabadell\/wp-content\/uploads\/usu1082\/2021\/06\/IMG_20201126_100430-1024x768.jpg\" alt=\"\" width=\"1024\" height=\"768\" srcset=\"https:\/\/agora.xtec.cat\/esc-jmaragall-sabadell\/wp-content\/uploads\/usu1082\/2021\/06\/IMG_20201126_100430-1024x768.jpg 1024w, https:\/\/agora.xtec.cat\/esc-jmaragall-sabadell\/wp-content\/uploads\/usu1082\/2021\/06\/IMG_20201126_100430-300x225.jpg 300w, https:\/\/agora.xtec.cat\/esc-jmaragall-sabadell\/wp-content\/uploads\/usu1082\/2021\/06\/IMG_20201126_100430-768x576.jpg 768w, https:\/\/agora.xtec.cat\/esc-jmaragall-sabadell\/wp-content\/uploads\/usu1082\/2021\/06\/IMG_20201126_100430-200x150.jpg 200w, https:\/\/agora.xtec.cat\/esc-jmaragall-sabadell\/wp-content\/uploads\/usu1082\/2021\/06\/IMG_20201126_100430.jpg 1200w\" sizes=\"auto, (max-width: 1024px) 100vw, 1024px\" \/><\/a><\/p>\n<p style=\"text-align: justify;\">En veure que ens interessava tant les curiositats dels pa\u00efsos de proced\u00e8ncia o de les nostres fam\u00edlies vam decidir encarrilar el projecte compartint la nostra pr\u00f2pia hist\u00f2ria, el nostre origen, fins i tot l&#8217;origen del nostre nom. Vam portar fotogr\u00e0fies de les nostres fam\u00edlies i ho vam compartir amb els nostres companys i companyes de la classe.<\/p>\n<p><a href=\"https:\/\/agora.xtec.cat\/esc-jmaragall-sabadell\/wp-content\/uploads\/usu1082\/2021\/06\/IMG_20210323_114904.jpg\"><img loading=\"lazy\" decoding=\"async\" class=\"alignnone size-large wp-image-4731\" src=\"https:\/\/agora.xtec.cat\/esc-jmaragall-sabadell\/wp-content\/uploads\/usu1082\/2021\/06\/IMG_20210323_114904-1024x768.jpg\" alt=\"\" width=\"1024\" height=\"768\" srcset=\"https:\/\/agora.xtec.cat\/esc-jmaragall-sabadell\/wp-content\/uploads\/usu1082\/2021\/06\/IMG_20210323_114904-1024x768.jpg 1024w, https:\/\/agora.xtec.cat\/esc-jmaragall-sabadell\/wp-content\/uploads\/usu1082\/2021\/06\/IMG_20210323_114904-300x225.jpg 300w, https:\/\/agora.xtec.cat\/esc-jmaragall-sabadell\/wp-content\/uploads\/usu1082\/2021\/06\/IMG_20210323_114904-768x576.jpg 768w, https:\/\/agora.xtec.cat\/esc-jmaragall-sabadell\/wp-content\/uploads\/usu1082\/2021\/06\/IMG_20210323_114904-200x150.jpg 200w, https:\/\/agora.xtec.cat\/esc-jmaragall-sabadell\/wp-content\/uploads\/usu1082\/2021\/06\/IMG_20210323_114904.jpg 1200w\" sizes=\"auto, (max-width: 1024px) 100vw, 1024px\" \/><\/a> <a href=\"https:\/\/agora.xtec.cat\/esc-jmaragall-sabadell\/wp-content\/uploads\/usu1082\/2021\/06\/IMG_20210323_115513.jpg\"><img loading=\"lazy\" decoding=\"async\" class=\"alignnone size-large wp-image-4732\" src=\"https:\/\/agora.xtec.cat\/esc-jmaragall-sabadell\/wp-content\/uploads\/usu1082\/2021\/06\/IMG_20210323_115513-1024x768.jpg\" alt=\"\" width=\"1024\" height=\"768\" srcset=\"https:\/\/agora.xtec.cat\/esc-jmaragall-sabadell\/wp-content\/uploads\/usu1082\/2021\/06\/IMG_20210323_115513-1024x768.jpg 1024w, https:\/\/agora.xtec.cat\/esc-jmaragall-sabadell\/wp-content\/uploads\/usu1082\/2021\/06\/IMG_20210323_115513-300x225.jpg 300w, https:\/\/agora.xtec.cat\/esc-jmaragall-sabadell\/wp-content\/uploads\/usu1082\/2021\/06\/IMG_20210323_115513-768x576.jpg 768w, https:\/\/agora.xtec.cat\/esc-jmaragall-sabadell\/wp-content\/uploads\/usu1082\/2021\/06\/IMG_20210323_115513-200x150.jpg 200w, https:\/\/agora.xtec.cat\/esc-jmaragall-sabadell\/wp-content\/uploads\/usu1082\/2021\/06\/IMG_20210323_115513.jpg 1200w\" sizes=\"auto, (max-width: 1024px) 100vw, 1024px\" \/><\/a><\/p>\n<p>A m\u00e9s de con\u00e8ixer les nostres fam\u00edlies vam fer l&#8217;arbre geneal\u00f2gic per compartir els nostres or\u00edgens m\u00e9s propers. No nom\u00e9s sab\u00edem el nom o l&#8217;edat del nostre pare\/mare\/ i avi\/a sin\u00f3 tamb\u00e9 les lleng\u00fces que parlen, els gustos i altres curiositats.<\/p>\n<p>Va arribar el dia que vam realitzar el taller del dol on vam posar en com\u00fa aquelles persones que formen part de la nostra hist\u00f2ria per\u00f2 que per circumst\u00e0ncies de la vida ja no hi s\u00f3n amb nosaltres.<\/p>\n<p><a href=\"https:\/\/agora.xtec.cat\/esc-jmaragall-sabadell\/wp-content\/uploads\/usu1082\/2021\/06\/IMG_20210311_120927.jpg\"><img loading=\"lazy\" decoding=\"async\" class=\"alignnone size-large wp-image-4742\" src=\"https:\/\/agora.xtec.cat\/esc-jmaragall-sabadell\/wp-content\/uploads\/usu1082\/2021\/06\/IMG_20210311_120927-1024x768.jpg\" alt=\"\" width=\"1024\" height=\"768\" srcset=\"https:\/\/agora.xtec.cat\/esc-jmaragall-sabadell\/wp-content\/uploads\/usu1082\/2021\/06\/IMG_20210311_120927-1024x768.jpg 1024w, https:\/\/agora.xtec.cat\/esc-jmaragall-sabadell\/wp-content\/uploads\/usu1082\/2021\/06\/IMG_20210311_120927-300x225.jpg 300w, https:\/\/agora.xtec.cat\/esc-jmaragall-sabadell\/wp-content\/uploads\/usu1082\/2021\/06\/IMG_20210311_120927-768x576.jpg 768w, https:\/\/agora.xtec.cat\/esc-jmaragall-sabadell\/wp-content\/uploads\/usu1082\/2021\/06\/IMG_20210311_120927-200x150.jpg 200w, https:\/\/agora.xtec.cat\/esc-jmaragall-sabadell\/wp-content\/uploads\/usu1082\/2021\/06\/IMG_20210311_120927.jpg 1200w\" sizes=\"auto, (max-width: 1024px) 100vw, 1024px\" \/><\/a><\/p>\n<p><a href=\"https:\/\/agora.xtec.cat\/esc-jmaragall-sabadell\/wp-content\/uploads\/usu1082\/2021\/06\/IMG_20210311_122719.jpg\"><img loading=\"lazy\" decoding=\"async\" class=\"alignnone size-large wp-image-4740\" src=\"https:\/\/agora.xtec.cat\/esc-jmaragall-sabadell\/wp-content\/uploads\/usu1082\/2021\/06\/IMG_20210311_122719-1024x768.jpg\" alt=\"\" width=\"1024\" height=\"768\" srcset=\"https:\/\/agora.xtec.cat\/esc-jmaragall-sabadell\/wp-content\/uploads\/usu1082\/2021\/06\/IMG_20210311_122719-1024x768.jpg 1024w, https:\/\/agora.xtec.cat\/esc-jmaragall-sabadell\/wp-content\/uploads\/usu1082\/2021\/06\/IMG_20210311_122719-300x225.jpg 300w, https:\/\/agora.xtec.cat\/esc-jmaragall-sabadell\/wp-content\/uploads\/usu1082\/2021\/06\/IMG_20210311_122719-768x576.jpg 768w, https:\/\/agora.xtec.cat\/esc-jmaragall-sabadell\/wp-content\/uploads\/usu1082\/2021\/06\/IMG_20210311_122719-200x150.jpg 200w, https:\/\/agora.xtec.cat\/esc-jmaragall-sabadell\/wp-content\/uploads\/usu1082\/2021\/06\/IMG_20210311_122719.jpg 1200w\" sizes=\"auto, (max-width: 1024px) 100vw, 1024px\" \/><\/a><\/p>\n<p style=\"text-align: justify;\">Vam continuar emprenent el nostre projecte cercant i indagant curiositats del nostre pa\u00eds. La finalitat era presentar davant dels companys i companyes; &#8220;Les nostres arrels&#8221;.<\/p>\n<p>Una vegada fetes les presentacions hem tingut la visita de dues mares; la Mariama (mare de la Binta) i la Umi (mare de l&#8217;El hadji).<\/p>\n<p>La Mariama procedent de G\u00e0mbia ens ha explicat dos contes en mandinga i ens ha cantat una can\u00e7\u00f3 que li cantaven quan era petita. Tamb\u00e9 ens ha ensenyat un joc t\u00edpic i ens ha explicat moltes coses interessants sobre G\u00e0mbia.<\/p>\n<p><a href=\"https:\/\/agora.xtec.cat\/esc-jmaragall-sabadell\/wp-content\/uploads\/usu1082\/2021\/06\/IMG_20210531_150124.jpg\"><img loading=\"lazy\" decoding=\"async\" class=\"alignnone size-large wp-image-4738\" src=\"https:\/\/agora.xtec.cat\/esc-jmaragall-sabadell\/wp-content\/uploads\/usu1082\/2021\/06\/IMG_20210531_150124-1024x768.jpg\" alt=\"\" width=\"1024\" height=\"768\" srcset=\"https:\/\/agora.xtec.cat\/esc-jmaragall-sabadell\/wp-content\/uploads\/usu1082\/2021\/06\/IMG_20210531_150124-1024x768.jpg 1024w, https:\/\/agora.xtec.cat\/esc-jmaragall-sabadell\/wp-content\/uploads\/usu1082\/2021\/06\/IMG_20210531_150124-300x225.jpg 300w, https:\/\/agora.xtec.cat\/esc-jmaragall-sabadell\/wp-content\/uploads\/usu1082\/2021\/06\/IMG_20210531_150124-768x576.jpg 768w, https:\/\/agora.xtec.cat\/esc-jmaragall-sabadell\/wp-content\/uploads\/usu1082\/2021\/06\/IMG_20210531_150124-200x150.jpg 200w, https:\/\/agora.xtec.cat\/esc-jmaragall-sabadell\/wp-content\/uploads\/usu1082\/2021\/06\/IMG_20210531_150124.jpg 1200w\" sizes=\"auto, (max-width: 1024px) 100vw, 1024px\" \/><\/a><a href=\"https:\/\/agora.xtec.cat\/esc-jmaragall-sabadell\/wp-content\/uploads\/usu1082\/2021\/06\/IMG_20210531_150224.jpg\"><img loading=\"lazy\" decoding=\"async\" class=\"alignnone size-large wp-image-4737\" src=\"https:\/\/agora.xtec.cat\/esc-jmaragall-sabadell\/wp-content\/uploads\/usu1082\/2021\/06\/IMG_20210531_150224-1024x768.jpg\" alt=\"\" width=\"1024\" height=\"768\" srcset=\"https:\/\/agora.xtec.cat\/esc-jmaragall-sabadell\/wp-content\/uploads\/usu1082\/2021\/06\/IMG_20210531_150224-1024x768.jpg 1024w, https:\/\/agora.xtec.cat\/esc-jmaragall-sabadell\/wp-content\/uploads\/usu1082\/2021\/06\/IMG_20210531_150224-300x225.jpg 300w, https:\/\/agora.xtec.cat\/esc-jmaragall-sabadell\/wp-content\/uploads\/usu1082\/2021\/06\/IMG_20210531_150224-768x576.jpg 768w, https:\/\/agora.xtec.cat\/esc-jmaragall-sabadell\/wp-content\/uploads\/usu1082\/2021\/06\/IMG_20210531_150224-200x150.jpg 200w, https:\/\/agora.xtec.cat\/esc-jmaragall-sabadell\/wp-content\/uploads\/usu1082\/2021\/06\/IMG_20210531_150224.jpg 1200w\" sizes=\"auto, (max-width: 1024px) 100vw, 1024px\" \/><\/a><a href=\"https:\/\/agora.xtec.cat\/esc-jmaragall-sabadell\/wp-content\/uploads\/usu1082\/2021\/06\/IMG_20210531_150559.jpg\"><img loading=\"lazy\" decoding=\"async\" class=\"alignnone size-large wp-image-4736\" src=\"https:\/\/agora.xtec.cat\/esc-jmaragall-sabadell\/wp-content\/uploads\/usu1082\/2021\/06\/IMG_20210531_150559-1024x768.jpg\" alt=\"\" width=\"1024\" height=\"768\" srcset=\"https:\/\/agora.xtec.cat\/esc-jmaragall-sabadell\/wp-content\/uploads\/usu1082\/2021\/06\/IMG_20210531_150559-1024x768.jpg 1024w, https:\/\/agora.xtec.cat\/esc-jmaragall-sabadell\/wp-content\/uploads\/usu1082\/2021\/06\/IMG_20210531_150559-300x225.jpg 300w, https:\/\/agora.xtec.cat\/esc-jmaragall-sabadell\/wp-content\/uploads\/usu1082\/2021\/06\/IMG_20210531_150559-768x576.jpg 768w, https:\/\/agora.xtec.cat\/esc-jmaragall-sabadell\/wp-content\/uploads\/usu1082\/2021\/06\/IMG_20210531_150559-200x150.jpg 200w, https:\/\/agora.xtec.cat\/esc-jmaragall-sabadell\/wp-content\/uploads\/usu1082\/2021\/06\/IMG_20210531_150559.jpg 1200w\" sizes=\"auto, (max-width: 1024px) 100vw, 1024px\" \/><\/a><\/p>\n<p>La Umi ens ha ensenyat a fer TXAKRI un postre t\u00edpic del Senegal, fet de iogurt, llet evaporada, Sucre, Sucre vainillada i Mill; un cereal t\u00edpic.<\/p>\n<p><a href=\"https:\/\/agora.xtec.cat\/esc-jmaragall-sabadell\/wp-content\/uploads\/usu1082\/2021\/06\/IMG_20210604_150615.jpg\"><img loading=\"lazy\" decoding=\"async\" src=\"https:\/\/agora.xtec.cat\/esc-jmaragall-sabadell\/wp-content\/uploads\/usu1082\/2021\/06\/IMG_20210604_150615-1024x768.jpg\" alt=\"\" width=\"1024\" height=\"768\" \/><\/a><a href=\"https:\/\/agora.xtec.cat\/esc-jmaragall-sabadell\/wp-content\/uploads\/usu1082\/2021\/06\/IMG_20210604_152204.jpg\"><img loading=\"lazy\" decoding=\"async\" src=\"https:\/\/agora.xtec.cat\/esc-jmaragall-sabadell\/wp-content\/uploads\/usu1082\/2021\/06\/IMG_20210604_152204-1024x768.jpg\" alt=\"\" width=\"1024\" height=\"768\" \/><\/a><\/p>\n<p>Moltes gr\u00e0cies mares per ensenyar-nos tant!<\/p>\n<p>I fins aqu\u00ed la nostra hist\u00f2ria hem ben explicat i el nostre projecte hem finalitzat. Per\u00f2 les nostres arrels mai desapareixeran.<\/p>\n","protected":false},"excerpt":{"rendered":"<p>Tot va sorgir a partir d&#8217;una activitat de llengua on hav\u00edem de portar una recepta de cuina per tal de treballar el text instructiu i la proporcionalitat. Vam acabar fent el KEKE DE PI\u00d1A procedent del PER\u00da, pa\u00eds nadiu d&#8217;un dels nostres companys. Amb un&hellip;  <a href=\"https:\/\/agora.xtec.cat\/esc-jmaragall-sabadell\/general\/5e-a-finalitzem-el-projecte-les-nostres-arrels\/\" title=\"Read 5\u00e8 A finalitzem el projecte: &#8220;Les nostres arrels&#8221;\">Llegeix m\u00e9s\u00bb<\/a><\/p>\n","protected":false},"author":36,"featured_media":4750,"comment_status":"open","ping_status":"closed","sticky":false,"template":"","format":"standard","meta":{"_bbp_topic_count":0,"_bbp_reply_count":0,"_bbp_total_topic_count":0,"_bbp_total_reply_count":0,"_bbp_voice_count":0,"_bbp_anonymous_reply_count":0,"_bbp_topic_count_hidden":0,"_bbp_reply_count_hidden":0,"_bbp_forum_subforum_count":0,"footnotes":""},"categories":[1,4],"tags":[],"class_list":["post-4727","post","type-post","status-publish","format-standard","has-post-thumbnail","hentry","category-general","category-portada"],"post_mailing_queue_ids":[],"_links":{"self":[{"href":"https:\/\/agora.xtec.cat\/esc-jmaragall-sabadell\/wp-json\/wp\/v2\/posts\/4727","targetHints":{"allow":["GET"]}}],"collection":[{"href":"https:\/\/agora.xtec.cat\/esc-jmaragall-sabadell\/wp-json\/wp\/v2\/posts"}],"about":[{"href":"https:\/\/agora.xtec.cat\/esc-jmaragall-sabadell\/wp-json\/wp\/v2\/types\/post"}],"author":[{"embeddable":true,"href":"https:\/\/agora.xtec.cat\/esc-jmaragall-sabadell\/wp-json\/wp\/v2\/users\/36"}],"replies":[{"embeddable":true,"href":"https:\/\/agora.xtec.cat\/esc-jmaragall-sabadell\/wp-json\/wp\/v2\/comments?post=4727"}],"version-history":[{"count":3,"href":"https:\/\/agora.xtec.cat\/esc-jmaragall-sabadell\/wp-json\/wp\/v2\/posts\/4727\/revisions"}],"predecessor-version":[{"id":4752,"href":"https:\/\/agora.xtec.cat\/esc-jmaragall-sabadell\/wp-json\/wp\/v2\/posts\/4727\/revisions\/4752"}],"wp:featuredmedia":[{"embeddable":true,"href":"https:\/\/agora.xtec.cat\/esc-jmaragall-sabadell\/wp-json\/wp\/v2\/media\/4750"}],"wp:attachment":[{"href":"https:\/\/agora.xtec.cat\/esc-jmaragall-sabadell\/wp-json\/wp\/v2\/media?parent=4727"}],"wp:term":[{"taxonomy":"category","embeddable":true,"href":"https:\/\/agora.xtec.cat\/esc-jmaragall-sabadell\/wp-json\/wp\/v2\/categories?post=4727"},{"taxonomy":"post_tag","embeddable":true,"href":"https:\/\/agora.xtec.cat\/esc-jmaragall-sabadell\/wp-json\/wp\/v2\/tags?post=4727"}],"curies":[{"name":"wp","href":"https:\/\/api.w.org\/{rel}","templated":true}]}}