{"id":4634,"date":"2021-04-27T20:29:35","date_gmt":"2021-04-27T18:29:35","guid":{"rendered":"http:\/\/agora.xtec.cat\/esc-jmaragall-sabadell\/?p=4634"},"modified":"2021-04-27T20:37:44","modified_gmt":"2021-04-27T18:37:44","slug":"visita-joan-janoher","status":"publish","type":"post","link":"https:\/\/agora.xtec.cat\/esc-jmaragall-sabadell\/general\/visita-joan-janoher\/","title":{"rendered":"Visita Joan Janoher"},"content":{"rendered":"<p>Dimarts de la setmana passada els nens i les nenes d&#8217;Infantil vam rebre la visita d&#8217;en Joan Janhoer. En Joan \u00e9s molt bon dibuixant i mentre escolt\u00e0vem la llegenda de Sant Jordi ens va realitzar el dibuix dels personatges principals. Ens han agradat molt\u00edssim!<\/p>\n<p><iframe loading=\"lazy\" title=\"Visita d&#039;en Joan Janoher\" width=\"500\" height=\"375\" src=\"https:\/\/www.youtube.com\/embed\/vWRhQHbN3k4?feature=oembed\" frameborder=\"0\" allow=\"accelerometer; autoplay; clipboard-write; encrypted-media; gyroscope; picture-in-picture; web-share\" referrerpolicy=\"strict-origin-when-cross-origin\" allowfullscreen><\/iframe><\/p>\n","protected":false},"excerpt":{"rendered":"<p>Dimarts de la setmana passada els nens i les nenes d&#8217;Infantil vam rebre la visita d&#8217;en Joan Janhoer. En Joan \u00e9s molt bon dibuixant i mentre escolt\u00e0vem la llegenda de Sant Jordi ens va realitzar el dibuix dels personatges principals. Ens han agradat molt\u00edssim!<\/p>\n","protected":false},"author":1,"featured_media":4638,"comment_status":"open","ping_status":"closed","sticky":false,"template":"","format":"standard","meta":{"_bbp_topic_count":0,"_bbp_reply_count":0,"_bbp_total_topic_count":0,"_bbp_total_reply_count":0,"_bbp_voice_count":0,"_bbp_anonymous_reply_count":0,"_bbp_topic_count_hidden":0,"_bbp_reply_count_hidden":0,"_bbp_forum_subforum_count":0,"footnotes":""},"categories":[246,1,2,4],"tags":[],"class_list":["post-4634","post","type-post","status-publish","format-standard","has-post-thumbnail","hentry","category-50-aniversari","category-general","category-infantil","category-portada"],"post_mailing_queue_ids":[],"_links":{"self":[{"href":"https:\/\/agora.xtec.cat\/esc-jmaragall-sabadell\/wp-json\/wp\/v2\/posts\/4634","targetHints":{"allow":["GET"]}}],"collection":[{"href":"https:\/\/agora.xtec.cat\/esc-jmaragall-sabadell\/wp-json\/wp\/v2\/posts"}],"about":[{"href":"https:\/\/agora.xtec.cat\/esc-jmaragall-sabadell\/wp-json\/wp\/v2\/types\/post"}],"author":[{"embeddable":true,"href":"https:\/\/agora.xtec.cat\/esc-jmaragall-sabadell\/wp-json\/wp\/v2\/users\/1"}],"replies":[{"embeddable":true,"href":"https:\/\/agora.xtec.cat\/esc-jmaragall-sabadell\/wp-json\/wp\/v2\/comments?post=4634"}],"version-history":[{"count":1,"href":"https:\/\/agora.xtec.cat\/esc-jmaragall-sabadell\/wp-json\/wp\/v2\/posts\/4634\/revisions"}],"predecessor-version":[{"id":4635,"href":"https:\/\/agora.xtec.cat\/esc-jmaragall-sabadell\/wp-json\/wp\/v2\/posts\/4634\/revisions\/4635"}],"wp:featuredmedia":[{"embeddable":true,"href":"https:\/\/agora.xtec.cat\/esc-jmaragall-sabadell\/wp-json\/wp\/v2\/media\/4638"}],"wp:attachment":[{"href":"https:\/\/agora.xtec.cat\/esc-jmaragall-sabadell\/wp-json\/wp\/v2\/media?parent=4634"}],"wp:term":[{"taxonomy":"category","embeddable":true,"href":"https:\/\/agora.xtec.cat\/esc-jmaragall-sabadell\/wp-json\/wp\/v2\/categories?post=4634"},{"taxonomy":"post_tag","embeddable":true,"href":"https:\/\/agora.xtec.cat\/esc-jmaragall-sabadell\/wp-json\/wp\/v2\/tags?post=4634"}],"curies":[{"name":"wp","href":"https:\/\/api.w.org\/{rel}","templated":true}]}}