{"id":4577,"date":"2021-03-25T13:25:18","date_gmt":"2021-03-25T12:25:18","guid":{"rendered":"http:\/\/agora.xtec.cat\/esc-jmaragall-sabadell\/?p=4577"},"modified":"2021-03-25T13:26:36","modified_gmt":"2021-03-25T12:26:36","slug":"coeducacio-a-educacio-infantil","status":"publish","type":"post","link":"https:\/\/agora.xtec.cat\/esc-jmaragall-sabadell\/general\/coeducacio-a-educacio-infantil\/","title":{"rendered":"Coeducaci\u00f3 a Educaci\u00f3 Infantil"},"content":{"rendered":"<p>Les nenes i els nens d&#8217;Educaci\u00f3 Infantil treballem la coeducaci\u00f3 a trav\u00e9s del conte &#8220;Vull una nina&#8221;. <a href=\"https:\/\/youtu.be\/Am_efNDebgk\">https:\/\/youtu.be\/Am_efNDebgk<\/a><\/p>\n","protected":false},"excerpt":{"rendered":"<p>Les nenes i els nens d&#8217;Educaci\u00f3 Infantil treballem la coeducaci\u00f3 a trav\u00e9s del conte &#8220;Vull una nina&#8221;. <a href=\"https:\/\/youtu.be\/Am_efNDebgk\">https:\/\/youtu.be\/Am_efNDebgk<\/a><\/p>\n","protected":false},"author":1,"featured_media":4581,"comment_status":"open","ping_status":"closed","sticky":false,"template":"","format":"standard","meta":{"_bbp_topic_count":0,"_bbp_reply_count":0,"_bbp_total_topic_count":0,"_bbp_total_reply_count":0,"_bbp_voice_count":0,"_bbp_anonymous_reply_count":0,"_bbp_topic_count_hidden":0,"_bbp_reply_count_hidden":0,"_bbp_forum_subforum_count":0,"footnotes":""},"categories":[1,2,4],"tags":[],"class_list":["post-4577","post","type-post","status-publish","format-standard","has-post-thumbnail","hentry","category-general","category-infantil","category-portada"],"post_mailing_queue_ids":[],"_links":{"self":[{"href":"https:\/\/agora.xtec.cat\/esc-jmaragall-sabadell\/wp-json\/wp\/v2\/posts\/4577","targetHints":{"allow":["GET"]}}],"collection":[{"href":"https:\/\/agora.xtec.cat\/esc-jmaragall-sabadell\/wp-json\/wp\/v2\/posts"}],"about":[{"href":"https:\/\/agora.xtec.cat\/esc-jmaragall-sabadell\/wp-json\/wp\/v2\/types\/post"}],"author":[{"embeddable":true,"href":"https:\/\/agora.xtec.cat\/esc-jmaragall-sabadell\/wp-json\/wp\/v2\/users\/1"}],"replies":[{"embeddable":true,"href":"https:\/\/agora.xtec.cat\/esc-jmaragall-sabadell\/wp-json\/wp\/v2\/comments?post=4577"}],"version-history":[{"count":3,"href":"https:\/\/agora.xtec.cat\/esc-jmaragall-sabadell\/wp-json\/wp\/v2\/posts\/4577\/revisions"}],"predecessor-version":[{"id":4580,"href":"https:\/\/agora.xtec.cat\/esc-jmaragall-sabadell\/wp-json\/wp\/v2\/posts\/4577\/revisions\/4580"}],"wp:featuredmedia":[{"embeddable":true,"href":"https:\/\/agora.xtec.cat\/esc-jmaragall-sabadell\/wp-json\/wp\/v2\/media\/4581"}],"wp:attachment":[{"href":"https:\/\/agora.xtec.cat\/esc-jmaragall-sabadell\/wp-json\/wp\/v2\/media?parent=4577"}],"wp:term":[{"taxonomy":"category","embeddable":true,"href":"https:\/\/agora.xtec.cat\/esc-jmaragall-sabadell\/wp-json\/wp\/v2\/categories?post=4577"},{"taxonomy":"post_tag","embeddable":true,"href":"https:\/\/agora.xtec.cat\/esc-jmaragall-sabadell\/wp-json\/wp\/v2\/tags?post=4577"}],"curies":[{"name":"wp","href":"https:\/\/api.w.org\/{rel}","templated":true}]}}