{"id":4560,"date":"2021-03-14T22:35:58","date_gmt":"2021-03-14T21:35:58","guid":{"rendered":"http:\/\/agora.xtec.cat\/esc-jmaragall-sabadell\/?p=4560"},"modified":"2021-03-14T22:35:58","modified_gmt":"2021-03-14T21:35:58","slug":"malabaristes-a-cicle-inicial","status":"publish","type":"post","link":"https:\/\/agora.xtec.cat\/esc-jmaragall-sabadell\/primaria\/1625\/malabaristes-a-cicle-inicial\/","title":{"rendered":"Malabaristes a Cicle Inicial!"},"content":{"rendered":"<p>Divendres 5 de mar\u00e7 la Cristina i l&#8217;Olga van venir a l&#8217;escola per ensenyar-nos a fer malabars! Ens van explicar com havien apr\u00e9s a dominar el di\u00e0bolo i les carioques i, com a sorpresa final, ens van fer unes bombolles gegants! Mireu, mireu!<\/p>\n<p><iframe loading=\"lazy\" title=\"Malabaristes\" width=\"500\" height=\"281\" src=\"https:\/\/www.youtube.com\/embed\/RW9ac0gKsdM?feature=oembed\" frameborder=\"0\" allow=\"accelerometer; autoplay; clipboard-write; encrypted-media; gyroscope; picture-in-picture; web-share\" referrerpolicy=\"strict-origin-when-cross-origin\" allowfullscreen><\/iframe><\/p>\n","protected":false},"excerpt":{"rendered":"<p>Divendres 5 de mar\u00e7 la Cristina i l&#8217;Olga van venir a l&#8217;escola per ensenyar-nos a fer malabars! Ens van explicar com havien apr\u00e9s a dominar el di\u00e0bolo i les carioques i, com a sorpresa final, ens van fer unes bombolles gegants! Mireu, mireu!<\/p>\n","protected":false},"author":11,"featured_media":4561,"comment_status":"open","ping_status":"closed","sticky":false,"template":"","format":"standard","meta":{"_bbp_topic_count":0,"_bbp_reply_count":0,"_bbp_total_topic_count":0,"_bbp_total_reply_count":0,"_bbp_voice_count":0,"_bbp_anonymous_reply_count":0,"_bbp_topic_count_hidden":0,"_bbp_reply_count_hidden":0,"_bbp_forum_subforum_count":0,"footnotes":""},"categories":[120,246,3,4],"tags":[89,102,251,228,237,255],"class_list":["post-4560","post","type-post","status-publish","format-standard","has-post-thumbnail","hentry","category-120","category-50-aniversari","category-3","category-portada","tag-1r","tag-2n","tag-50-aniversari","tag-artistes","tag-curs-2020-2021","tag-malabaristes"],"post_mailing_queue_ids":[],"_links":{"self":[{"href":"https:\/\/agora.xtec.cat\/esc-jmaragall-sabadell\/wp-json\/wp\/v2\/posts\/4560","targetHints":{"allow":["GET"]}}],"collection":[{"href":"https:\/\/agora.xtec.cat\/esc-jmaragall-sabadell\/wp-json\/wp\/v2\/posts"}],"about":[{"href":"https:\/\/agora.xtec.cat\/esc-jmaragall-sabadell\/wp-json\/wp\/v2\/types\/post"}],"author":[{"embeddable":true,"href":"https:\/\/agora.xtec.cat\/esc-jmaragall-sabadell\/wp-json\/wp\/v2\/users\/11"}],"replies":[{"embeddable":true,"href":"https:\/\/agora.xtec.cat\/esc-jmaragall-sabadell\/wp-json\/wp\/v2\/comments?post=4560"}],"version-history":[{"count":1,"href":"https:\/\/agora.xtec.cat\/esc-jmaragall-sabadell\/wp-json\/wp\/v2\/posts\/4560\/revisions"}],"predecessor-version":[{"id":4562,"href":"https:\/\/agora.xtec.cat\/esc-jmaragall-sabadell\/wp-json\/wp\/v2\/posts\/4560\/revisions\/4562"}],"wp:featuredmedia":[{"embeddable":true,"href":"https:\/\/agora.xtec.cat\/esc-jmaragall-sabadell\/wp-json\/wp\/v2\/media\/4561"}],"wp:attachment":[{"href":"https:\/\/agora.xtec.cat\/esc-jmaragall-sabadell\/wp-json\/wp\/v2\/media?parent=4560"}],"wp:term":[{"taxonomy":"category","embeddable":true,"href":"https:\/\/agora.xtec.cat\/esc-jmaragall-sabadell\/wp-json\/wp\/v2\/categories?post=4560"},{"taxonomy":"post_tag","embeddable":true,"href":"https:\/\/agora.xtec.cat\/esc-jmaragall-sabadell\/wp-json\/wp\/v2\/tags?post=4560"}],"curies":[{"name":"wp","href":"https:\/\/api.w.org\/{rel}","templated":true}]}}