{"id":4541,"date":"2021-02-26T12:28:39","date_gmt":"2021-02-26T11:28:39","guid":{"rendered":"http:\/\/agora.xtec.cat\/esc-jmaragall-sabadell\/?p=4541"},"modified":"2021-02-26T12:28:39","modified_gmt":"2021-02-26T11:28:39","slug":"visita-de-rosa-fite-pel-50e-aniversari-de-lescola","status":"publish","type":"post","link":"https:\/\/agora.xtec.cat\/esc-jmaragall-sabadell\/general\/visita-de-rosa-fite-pel-50e-aniversari-de-lescola\/","title":{"rendered":"Visita de Rosa Fit\u00e9 pel 50\u00e8 aniversari de l&#8217;escola"},"content":{"rendered":"<p>Els alumnes de la nostra escola van tenir el plaer de gaudir de la visita de Rosa Fit\u00e9, artista convidada amb motiu del 50\u00e8 aniversari de l&#8217;escola, i que ens va delectar amb l&#8217;explicaci\u00f3 d&#8217;uns contes divertid\u00edssims. Moltes gr\u00e0cies! Els nens i nenes s&#8217;ho van passar genial!<\/p>\n<p><iframe loading=\"lazy\" title=\"Artista convidada pel 50\u00e8 aniversari: Rosa Fit\u00e9\" width=\"500\" height=\"375\" src=\"https:\/\/www.youtube.com\/embed\/eQb6k_oy9hk?feature=oembed\" frameborder=\"0\" allow=\"accelerometer; autoplay; clipboard-write; encrypted-media; gyroscope; picture-in-picture; web-share\" referrerpolicy=\"strict-origin-when-cross-origin\" allowfullscreen><\/iframe><\/p>\n","protected":false},"excerpt":{"rendered":"<p>Els alumnes de la nostra escola van tenir el plaer de gaudir de la visita de Rosa Fit\u00e9, artista convidada amb motiu del 50\u00e8 aniversari de l&#8217;escola, i que ens va delectar amb l&#8217;explicaci\u00f3 d&#8217;uns contes divertid\u00edssims. Moltes gr\u00e0cies! Els nens i nenes s&#8217;ho van&hellip;  <a href=\"https:\/\/agora.xtec.cat\/esc-jmaragall-sabadell\/general\/visita-de-rosa-fite-pel-50e-aniversari-de-lescola\/\" title=\"Read Visita de Rosa Fit\u00e9 pel 50\u00e8 aniversari de l&#8217;escola\">Llegeix m\u00e9s\u00bb<\/a><\/p>\n","protected":false},"author":1,"featured_media":0,"comment_status":"open","ping_status":"closed","sticky":false,"template":"","format":"standard","meta":{"_bbp_topic_count":0,"_bbp_reply_count":0,"_bbp_total_topic_count":0,"_bbp_total_reply_count":0,"_bbp_voice_count":0,"_bbp_anonymous_reply_count":0,"_bbp_topic_count_hidden":0,"_bbp_reply_count_hidden":0,"_bbp_forum_subforum_count":0,"footnotes":""},"categories":[120,246,3,8,1,4,5,9,55,11,57,10,56],"tags":[],"class_list":["post-4541","post","type-post","status-publish","format-standard","hentry","category-120","category-50-aniversari","category-3","category-8","category-general","category-portada","category-primaria","category-1423a","category-1423b","category-1221a","category-1221b","category-1322a","category-1322b"],"post_mailing_queue_ids":[],"_links":{"self":[{"href":"https:\/\/agora.xtec.cat\/esc-jmaragall-sabadell\/wp-json\/wp\/v2\/posts\/4541","targetHints":{"allow":["GET"]}}],"collection":[{"href":"https:\/\/agora.xtec.cat\/esc-jmaragall-sabadell\/wp-json\/wp\/v2\/posts"}],"about":[{"href":"https:\/\/agora.xtec.cat\/esc-jmaragall-sabadell\/wp-json\/wp\/v2\/types\/post"}],"author":[{"embeddable":true,"href":"https:\/\/agora.xtec.cat\/esc-jmaragall-sabadell\/wp-json\/wp\/v2\/users\/1"}],"replies":[{"embeddable":true,"href":"https:\/\/agora.xtec.cat\/esc-jmaragall-sabadell\/wp-json\/wp\/v2\/comments?post=4541"}],"version-history":[{"count":1,"href":"https:\/\/agora.xtec.cat\/esc-jmaragall-sabadell\/wp-json\/wp\/v2\/posts\/4541\/revisions"}],"predecessor-version":[{"id":4542,"href":"https:\/\/agora.xtec.cat\/esc-jmaragall-sabadell\/wp-json\/wp\/v2\/posts\/4541\/revisions\/4542"}],"wp:attachment":[{"href":"https:\/\/agora.xtec.cat\/esc-jmaragall-sabadell\/wp-json\/wp\/v2\/media?parent=4541"}],"wp:term":[{"taxonomy":"category","embeddable":true,"href":"https:\/\/agora.xtec.cat\/esc-jmaragall-sabadell\/wp-json\/wp\/v2\/categories?post=4541"},{"taxonomy":"post_tag","embeddable":true,"href":"https:\/\/agora.xtec.cat\/esc-jmaragall-sabadell\/wp-json\/wp\/v2\/tags?post=4541"}],"curies":[{"name":"wp","href":"https:\/\/api.w.org\/{rel}","templated":true}]}}