{"id":4529,"date":"2021-02-20T12:01:35","date_gmt":"2021-02-20T11:01:35","guid":{"rendered":"http:\/\/agora.xtec.cat\/esc-jmaragall-sabadell\/?p=4529"},"modified":"2021-02-20T12:02:38","modified_gmt":"2021-02-20T11:02:38","slug":"video-resum-de-la-festa-de-carnaval-2020-21","status":"publish","type":"post","link":"https:\/\/agora.xtec.cat\/esc-jmaragall-sabadell\/general\/video-resum-de-la-festa-de-carnaval-2020-21\/","title":{"rendered":"V\u00eddeo resum de la Festa de Carnaval 2020-21"},"content":{"rendered":"<p>Els nostres alumnes hi van posar tot l&#8217;esfor\u00e7 i dedicaci\u00f3 en els balls i disfresses per tal de celebrar el dia de Carnaval de la millor manera possible: amb m\u00fasica, molt de ritme i la m\u00e0gia que sempre ens porta el Carnaval!<\/p>\n<p><iframe loading=\"lazy\" title=\"Carnaval 2020-21\" width=\"500\" height=\"281\" src=\"https:\/\/www.youtube.com\/embed\/mR2SXk1WIY4?feature=oembed\" frameborder=\"0\" allow=\"accelerometer; autoplay; clipboard-write; encrypted-media; gyroscope; picture-in-picture; web-share\" referrerpolicy=\"strict-origin-when-cross-origin\" allowfullscreen><\/iframe><\/p>\n","protected":false},"excerpt":{"rendered":"<p>Els nostres alumnes hi van posar tot l&#8217;esfor\u00e7 i dedicaci\u00f3 en els balls i disfresses per tal de celebrar el dia de Carnaval de la millor manera possible: amb m\u00fasica, molt de ritme i la m\u00e0gia que sempre ens porta el Carnaval!<\/p>\n","protected":false},"author":1,"featured_media":0,"comment_status":"open","ping_status":"closed","sticky":false,"template":"","format":"standard","meta":{"_bbp_topic_count":0,"_bbp_reply_count":0,"_bbp_total_topic_count":0,"_bbp_total_reply_count":0,"_bbp_voice_count":0,"_bbp_anonymous_reply_count":0,"_bbp_topic_count_hidden":0,"_bbp_reply_count_hidden":0,"_bbp_forum_subforum_count":0,"footnotes":""},"categories":[245,219,190,120,3,8,1,2,4,5,9,55,11,57,10,56],"tags":[],"class_list":["post-4529","post","type-post","status-publish","format-standard","hentry","category-245","category-219","category-190","category-120","category-3","category-8","category-general","category-infantil","category-portada","category-primaria","category-1423a","category-1423b","category-1221a","category-1221b","category-1322a","category-1322b"],"post_mailing_queue_ids":[],"_links":{"self":[{"href":"https:\/\/agora.xtec.cat\/esc-jmaragall-sabadell\/wp-json\/wp\/v2\/posts\/4529","targetHints":{"allow":["GET"]}}],"collection":[{"href":"https:\/\/agora.xtec.cat\/esc-jmaragall-sabadell\/wp-json\/wp\/v2\/posts"}],"about":[{"href":"https:\/\/agora.xtec.cat\/esc-jmaragall-sabadell\/wp-json\/wp\/v2\/types\/post"}],"author":[{"embeddable":true,"href":"https:\/\/agora.xtec.cat\/esc-jmaragall-sabadell\/wp-json\/wp\/v2\/users\/1"}],"replies":[{"embeddable":true,"href":"https:\/\/agora.xtec.cat\/esc-jmaragall-sabadell\/wp-json\/wp\/v2\/comments?post=4529"}],"version-history":[{"count":2,"href":"https:\/\/agora.xtec.cat\/esc-jmaragall-sabadell\/wp-json\/wp\/v2\/posts\/4529\/revisions"}],"predecessor-version":[{"id":4531,"href":"https:\/\/agora.xtec.cat\/esc-jmaragall-sabadell\/wp-json\/wp\/v2\/posts\/4529\/revisions\/4531"}],"wp:attachment":[{"href":"https:\/\/agora.xtec.cat\/esc-jmaragall-sabadell\/wp-json\/wp\/v2\/media?parent=4529"}],"wp:term":[{"taxonomy":"category","embeddable":true,"href":"https:\/\/agora.xtec.cat\/esc-jmaragall-sabadell\/wp-json\/wp\/v2\/categories?post=4529"},{"taxonomy":"post_tag","embeddable":true,"href":"https:\/\/agora.xtec.cat\/esc-jmaragall-sabadell\/wp-json\/wp\/v2\/tags?post=4529"}],"curies":[{"name":"wp","href":"https:\/\/api.w.org\/{rel}","templated":true}]}}