{"id":4527,"date":"2021-02-20T11:52:15","date_gmt":"2021-02-20T10:52:15","guid":{"rendered":"http:\/\/agora.xtec.cat\/esc-jmaragall-sabadell\/?p=4527"},"modified":"2021-02-20T11:52:36","modified_gmt":"2021-02-20T10:52:36","slug":"festa-de-carnaval","status":"publish","type":"post","link":"https:\/\/agora.xtec.cat\/esc-jmaragall-sabadell\/general\/festa-de-carnaval\/","title":{"rendered":"Festa de Carnaval"},"content":{"rendered":"<p>Els alumnes de la nostra escola van crear les seves pr\u00f2pies disfresses pel dia de la Festa de Carnaval: que b\u00e9 els hi van quedar i s&#8217;ho van passar d&#8217;all\u00f2 m\u00e9s b\u00e9!<\/p>\n<p><iframe loading=\"lazy\" title=\"Festa de Carnaval 2020-21 I\" width=\"500\" height=\"281\" src=\"https:\/\/www.youtube.com\/embed\/wlWoQLTUlZ0?feature=oembed\" frameborder=\"0\" allow=\"accelerometer; autoplay; clipboard-write; encrypted-media; gyroscope; picture-in-picture; web-share\" referrerpolicy=\"strict-origin-when-cross-origin\" allowfullscreen><\/iframe><\/p>\n<p><iframe loading=\"lazy\" title=\"Festa de Carnaval 2020-21 II\" width=\"500\" height=\"281\" src=\"https:\/\/www.youtube.com\/embed\/1Se6bBGSdJA?feature=oembed\" frameborder=\"0\" allow=\"accelerometer; autoplay; clipboard-write; encrypted-media; gyroscope; picture-in-picture; web-share\" referrerpolicy=\"strict-origin-when-cross-origin\" allowfullscreen><\/iframe><\/p>\n","protected":false},"excerpt":{"rendered":"<p>Els alumnes de la nostra escola van crear les seves pr\u00f2pies disfresses pel dia de la Festa de Carnaval: que b\u00e9 els hi van quedar i s&#8217;ho van passar d&#8217;all\u00f2 m\u00e9s b\u00e9!<\/p>\n","protected":false},"author":1,"featured_media":0,"comment_status":"open","ping_status":"closed","sticky":false,"template":"","format":"standard","meta":{"_bbp_topic_count":0,"_bbp_reply_count":0,"_bbp_total_topic_count":0,"_bbp_total_reply_count":0,"_bbp_voice_count":0,"_bbp_anonymous_reply_count":0,"_bbp_topic_count_hidden":0,"_bbp_reply_count_hidden":0,"_bbp_forum_subforum_count":0,"footnotes":""},"categories":[245,219,190,120,3,8,1,2,4,5,9,55,11,57,10,56],"tags":[],"class_list":["post-4527","post","type-post","status-publish","format-standard","hentry","category-245","category-219","category-190","category-120","category-3","category-8","category-general","category-infantil","category-portada","category-primaria","category-1423a","category-1423b","category-1221a","category-1221b","category-1322a","category-1322b"],"post_mailing_queue_ids":[],"_links":{"self":[{"href":"https:\/\/agora.xtec.cat\/esc-jmaragall-sabadell\/wp-json\/wp\/v2\/posts\/4527","targetHints":{"allow":["GET"]}}],"collection":[{"href":"https:\/\/agora.xtec.cat\/esc-jmaragall-sabadell\/wp-json\/wp\/v2\/posts"}],"about":[{"href":"https:\/\/agora.xtec.cat\/esc-jmaragall-sabadell\/wp-json\/wp\/v2\/types\/post"}],"author":[{"embeddable":true,"href":"https:\/\/agora.xtec.cat\/esc-jmaragall-sabadell\/wp-json\/wp\/v2\/users\/1"}],"replies":[{"embeddable":true,"href":"https:\/\/agora.xtec.cat\/esc-jmaragall-sabadell\/wp-json\/wp\/v2\/comments?post=4527"}],"version-history":[{"count":1,"href":"https:\/\/agora.xtec.cat\/esc-jmaragall-sabadell\/wp-json\/wp\/v2\/posts\/4527\/revisions"}],"predecessor-version":[{"id":4528,"href":"https:\/\/agora.xtec.cat\/esc-jmaragall-sabadell\/wp-json\/wp\/v2\/posts\/4527\/revisions\/4528"}],"wp:attachment":[{"href":"https:\/\/agora.xtec.cat\/esc-jmaragall-sabadell\/wp-json\/wp\/v2\/media?parent=4527"}],"wp:term":[{"taxonomy":"category","embeddable":true,"href":"https:\/\/agora.xtec.cat\/esc-jmaragall-sabadell\/wp-json\/wp\/v2\/categories?post=4527"},{"taxonomy":"post_tag","embeddable":true,"href":"https:\/\/agora.xtec.cat\/esc-jmaragall-sabadell\/wp-json\/wp\/v2\/tags?post=4527"}],"curies":[{"name":"wp","href":"https:\/\/api.w.org\/{rel}","templated":true}]}}