{"id":4523,"date":"2021-02-12T11:15:43","date_gmt":"2021-02-12T10:15:43","guid":{"rendered":"http:\/\/agora.xtec.cat\/esc-jmaragall-sabadell\/?p=4523"},"modified":"2021-02-12T15:12:32","modified_gmt":"2021-02-12T14:12:32","slug":"video-de-portes-obertes-20-21","status":"publish","type":"post","link":"https:\/\/agora.xtec.cat\/esc-jmaragall-sabadell\/general\/video-de-portes-obertes-20-21\/","title":{"rendered":"V\u00cdDEO DE PORTES OBERTES 20-21"},"content":{"rendered":"<p>Amb la situaci\u00f3 actual no podem fer unes portes obertes a l&#8217;escola. Us pengem aquest v\u00eddeo que hem preparat perqu\u00e8 pugueu veure com treballem a l&#8217;escola.<\/p>\n<p><strong>PORTES OBERTES:<\/strong><\/p>\n<p>Si alg\u00fa necessita venir a les portes obertes de manera presencial ho podeu fer demanant <strong>cita pr\u00e8via<\/strong> al tel\u00e8fon: <strong>667365609<\/strong> (trucada o whatsapp) o al correu de l&#8217;escola:<strong> a8024005@xtec.cat<\/strong> (dies 1,2,3,4,5,8,9,10,11 i 12 de Mar\u00e7)<\/p>\n<p><strong>PREEINSCRIPCI\u00d3 MAR\u00c7:<\/strong><\/p>\n<p>Les dates per fer la preeinscripci\u00f3 pel curs 2021 -2022 s\u00f3n les seg\u00fcents: del 15 al 24 de Mar\u00e7.<\/p>\n<p><iframe loading=\"lazy\" title=\"PORTES OBERTES 20-21\" width=\"500\" height=\"281\" src=\"https:\/\/www.youtube.com\/embed\/h-uWjSMO0c0?feature=oembed\" frameborder=\"0\" allow=\"accelerometer; autoplay; clipboard-write; encrypted-media; gyroscope; picture-in-picture; web-share\" referrerpolicy=\"strict-origin-when-cross-origin\" allowfullscreen><\/iframe><\/p>\n","protected":false},"excerpt":{"rendered":"<p>Amb la situaci\u00f3 actual no podem fer unes portes obertes a l&#8217;escola. Us pengem aquest v\u00eddeo que hem preparat perqu\u00e8 pugueu veure com treballem a l&#8217;escola.<br \/>\nPORTES OBERTES:<br \/>\nSi alg\u00fa necessita venir a les portes obertes de manera presencial ho podeu fer demanant cita pr\u00e8via al tel\u00e8fon:&hellip;  <a href=\"https:\/\/agora.xtec.cat\/esc-jmaragall-sabadell\/general\/video-de-portes-obertes-20-21\/\" title=\"Read V\u00cdDEO DE PORTES OBERTES 20-21\">Llegeix m\u00e9s\u00bb<\/a><\/p>\n","protected":false},"author":48,"featured_media":0,"comment_status":"open","ping_status":"closed","sticky":false,"template":"","format":"standard","meta":{"_bbp_topic_count":0,"_bbp_reply_count":0,"_bbp_total_topic_count":0,"_bbp_total_reply_count":0,"_bbp_voice_count":0,"_bbp_anonymous_reply_count":0,"_bbp_topic_count_hidden":0,"_bbp_reply_count_hidden":0,"_bbp_forum_subforum_count":0,"footnotes":""},"categories":[1,4],"tags":[],"class_list":["post-4523","post","type-post","status-publish","format-standard","hentry","category-general","category-portada"],"post_mailing_queue_ids":[],"_links":{"self":[{"href":"https:\/\/agora.xtec.cat\/esc-jmaragall-sabadell\/wp-json\/wp\/v2\/posts\/4523","targetHints":{"allow":["GET"]}}],"collection":[{"href":"https:\/\/agora.xtec.cat\/esc-jmaragall-sabadell\/wp-json\/wp\/v2\/posts"}],"about":[{"href":"https:\/\/agora.xtec.cat\/esc-jmaragall-sabadell\/wp-json\/wp\/v2\/types\/post"}],"author":[{"embeddable":true,"href":"https:\/\/agora.xtec.cat\/esc-jmaragall-sabadell\/wp-json\/wp\/v2\/users\/48"}],"replies":[{"embeddable":true,"href":"https:\/\/agora.xtec.cat\/esc-jmaragall-sabadell\/wp-json\/wp\/v2\/comments?post=4523"}],"version-history":[{"count":2,"href":"https:\/\/agora.xtec.cat\/esc-jmaragall-sabadell\/wp-json\/wp\/v2\/posts\/4523\/revisions"}],"predecessor-version":[{"id":4526,"href":"https:\/\/agora.xtec.cat\/esc-jmaragall-sabadell\/wp-json\/wp\/v2\/posts\/4523\/revisions\/4526"}],"wp:attachment":[{"href":"https:\/\/agora.xtec.cat\/esc-jmaragall-sabadell\/wp-json\/wp\/v2\/media?parent=4523"}],"wp:term":[{"taxonomy":"category","embeddable":true,"href":"https:\/\/agora.xtec.cat\/esc-jmaragall-sabadell\/wp-json\/wp\/v2\/categories?post=4523"},{"taxonomy":"post_tag","embeddable":true,"href":"https:\/\/agora.xtec.cat\/esc-jmaragall-sabadell\/wp-json\/wp\/v2\/tags?post=4523"}],"curies":[{"name":"wp","href":"https:\/\/api.w.org\/{rel}","templated":true}]}}